{"id":8863,"date":"2024-08-08T01:40:36","date_gmt":"2024-08-07T23:40:36","guid":{"rendered":"https:\/\/pasaenmendoza.com\/?p=8863"},"modified":"2024-08-08T01:40:37","modified_gmt":"2024-08-07T23:40:37","slug":"martin-aveiro-explico-por-que-los-diputados-del-pj-mendocino-no-firmaron-el-proyecto-k","status":"publish","type":"post","link":"https:\/\/pasaenmendoza.com\/?p=8863","title":{"rendered":"Mart\u00edn Aveiro explic\u00f3 por qu\u00e9 los diputados del PJ mendocino no firmaron el proyecto K"},"content":{"rendered":"\n<p>El diputado peronista justific\u00f3 la ausencia de su firma y la de sus pares, Adolfo Bermejo y Liliana Paponet, en la iniciativa que reclama que la C\u00e1mara baja se pronuncie \u201cante la gravedad de la denuncia\u201d de Fabiola Y\u00e1\u00f1ez contra Alberto Fern\u00e1ndez.<\/p>\n\n\n\n<p>El proyecto de resoluci\u00f3n del kirchnerismo en la&nbsp;<strong>C\u00e1mara de Diputados<\/strong>, que repudia la presunta violencia sufrida por la exprimera dama,&nbsp;<strong>Fabiola Ya\u00f1ez,<\/strong>&nbsp;a manos de&nbsp;<strong>Alberto Fern\u00e1ndez<\/strong>,&nbsp;<mark>levant\u00f3 cierta pol\u00e9mica por la ausencia de la firma de 60 diputados del bloque<\/mark>&nbsp;<strong>Uni\u00f3n por la Patria.<\/strong>&nbsp;<mark>Entre ellos, los tres representantes de Mendoza en esta fuerza pol\u00edtica.<\/mark><\/p>\n\n\n\n<p>El bloque de legisladores liderado por Germ\u00e1n Mart\u00ednez le reclam\u00f3 a la C\u00e1mara&nbsp;<em>\u201cpronunciarse con firmeza ante la&nbsp;<strong>gravedad que implica la denuncia por violencia de g\u00e9nero<\/strong>&nbsp;formulada recientemente por la Sra. Fabiola Ya\u00f1ez en contra de quien fuera pareja, el ex primer mandatario Dr. Alberto Fern\u00e1ndez\u201d<\/em>.<\/p>\n\n\n\n<p>Los mendocinos\u00a0<strong>Adolfo Bermejo<\/strong>,\u00a0<strong>Liliana Paponet<\/strong>\u00a0y\u00a0<strong>Mart\u00edn Aveiro<\/strong>\u00a0<mark>compartieron en sus redes sociales personales sus condenas ante el presunto caso de violencia de g\u00e9nero denunciado por Ya\u00f1ez<\/mark>. Pero, que sus nombres no aparecieran en el documento presentado por el kirchnerismo\u00a0<strong>hizo ruido en Mendoza.<\/strong><\/p>\n\n\n\n<p>Para evitar que la pol\u00e9mica escalara,&nbsp;<mark>Aveiro explic\u00f3 el motivo de la ausencia de las firmas de los legisladores del PJ mendocino en la resoluci\u00f3n de UxP.<\/mark><\/p>\n\n\n\n<p>\u201c<strong>Lo de la resoluci\u00f3n fue algo exclusivo del bloque kirchnerista<\/strong><em>. Cuando nos fuimos de la reuni\u00f3n del bloque, a las 22,&nbsp;<\/em><strong>todav\u00eda no resolv\u00edan ellos que hacer<\/strong>\u201c, describi\u00f3 el ex intendente de&nbsp;<strong>Tunuy\u00e1n<\/strong>.<\/p>\n\n\n\n<p>Adem\u00e1s asegur\u00f3 que entre los tres representantes mendocinos \u201c<em>hicimos lo que hab\u00eda que hacer,\u00a0<strong>que era comunicar p\u00fablicamente que nos solidariz\u00e1bamos con la v\u00edctima<\/strong>\u201c.<\/em><\/p>\n\n\n\n<p>\u201c<em>Ahora esperemos que se haga todo lo que se tenga que hacer<\/em>\u201c, agreg\u00f3, en alusi\u00f3n a las investigaciones de la Justicia a ra\u00edz de\u00a0la denuncia de Ya\u00f1ez.<\/p>\n\n\n\n<p>De esta manera,\u00a0<mark>Aveiro desestim\u00f3 cualquier teor\u00eda de divisi\u00f3n de los diputados mendocinos dentro del bloque peronista<\/mark>\u00a0y destac\u00f3 la importancia de los<strong>\u00a0comunicados individuales\u00a0<\/strong>de cada uno de los tres representantes provinciales.<\/p>\n\n\n\n<p>FUENTE: Elsol.com.ar <\/p>\n","protected":false},"excerpt":{"rendered":"<p>El diputado peronista justific\u00f3 la ausencia de su firma y la de sus pares, Adolfo Bermejo y Liliana Paponet, en la iniciativa que reclama que la C\u00e1mara baja se pronuncie \u201cante la gravedad de la denuncia\u201d de Fabiola Y\u00e1\u00f1ez contra Alberto Fern\u00e1ndez. El proyecto de resoluci\u00f3n del kirchnerismo en la&nbsp;C\u00e1mara de Diputados, que repudia la [&hellip;]<\/p>\n","protected":false},"author":2,"featured_media":8864,"comment_status":"open","ping_status":"open","sticky":true,"template":"","format":"standard","meta":[],"categories":[47],"tags":[],"_links":{"self":[{"href":"https:\/\/pasaenmendoza.com\/index.php?rest_route=\/wp\/v2\/posts\/8863"}],"collection":[{"href":"https:\/\/pasaenmendoza.com\/index.php?rest_route=\/wp\/v2\/posts"}],"about":[{"href":"https:\/\/pasaenmendoza.com\/index.php?rest_route=\/wp\/v2\/types\/post"}],"author":[{"embeddable":true,"href":"https:\/\/pasaenmendoza.com\/index.php?rest_route=\/wp\/v2\/users\/2"}],"replies":[{"embeddable":true,"href":"https:\/\/pasaenmendoza.com\/index.php?rest_route=%2Fwp%2Fv2%2Fcomments&post=8863"}],"version-history":[{"count":1,"href":"https:\/\/pasaenmendoza.com\/index.php?rest_route=\/wp\/v2\/posts\/8863\/revisions"}],"predecessor-version":[{"id":8865,"href":"https:\/\/pasaenmendoza.com\/index.php?rest_route=\/wp\/v2\/posts\/8863\/revisions\/8865"}],"wp:featuredmedia":[{"embeddable":true,"href":"https:\/\/pasaenmendoza.com\/index.php?rest_route=\/wp\/v2\/media\/8864"}],"wp:attachment":[{"href":"https:\/\/pasaenmendoza.com\/index.php?rest_route=%2Fwp%2Fv2%2Fmedia&parent=8863"}],"wp:term":[{"taxonomy":"category","embeddable":true,"href":"https:\/\/pasaenmendoza.com\/index.php?rest_route=%2Fwp%2Fv2%2Fcategories&post=8863"},{"taxonomy":"post_tag","embeddable":true,"href":"https:\/\/pasaenmendoza.com\/index.php?rest_route=%2Fwp%2Fv2%2Ftags&post=8863"}],"curies":[{"name":"wp","href":"https:\/\/api.w.org\/{rel}","templated":true}]}}