{"id":8869,"date":"2024-08-08T01:49:33","date_gmt":"2024-08-07T23:49:33","guid":{"rendered":"https:\/\/pasaenmendoza.com\/?p=8869"},"modified":"2024-08-08T01:49:35","modified_gmt":"2024-08-07T23:49:35","slug":"denuncia-contra-alberto-fernandez-legisladoras-mendocinas-respaldaron-a-fabiola-yanez","status":"publish","type":"post","link":"https:\/\/pasaenmendoza.com\/?p=8869","title":{"rendered":"Denuncia contra Alberto Fern\u00e1ndez: legisladoras mendocinas respaldaron a Fabiola Ya\u00f1ez"},"content":{"rendered":"\n<p>Anabel Fern\u00e1ndez Sagasti y Liliana Paponet se desmarcaron pol\u00edticamente y pidieron que la Justicia investigue al expresidente. Se sum\u00f3 Pamela Verasay<\/p>\n\n\n\n<p>Apenas se conoci\u00f3 la noticia de que la ex primera dama<strong>\u00a0Fabiola Ya\u00f1ez denunci\u00f3 al ex presidente Alberto Fern\u00e1ndez por violencia de g\u00e9nero,<\/strong>\u00a0al menos\u00a0<strong>un par de legisladoras peronistas mendocinas\u00a0<\/strong>se desmarcaron pol\u00edticamente, salieron a respaldarla y\u00a0<strong>pidieron que la Justicia investigue<\/strong>, despojada de las presiones de la pol\u00edtica.<\/p>\n\n\n\n<p>Ya\u00f1ez lo acus\u00f3 concretamente de&nbsp;<strong>&#8220;terrorismo psicol\u00f3gico&#8221;<\/strong>&nbsp;y lo hizo a trav\u00e9s de Zoom ante el juzgado del magistrado federal Juli\u00e1n Ercolini, luego de que se conocieran chats y fotos que estaban en el celular de la secretaria de Fern\u00e1ndez.<\/p>\n\n\n\n<p>Entre los posteos que poblaron las redes sociales, el m\u00e1s contundente fue el de la senadora nacional\u00a0<strong>Anabel Fern\u00e1ndez Sagasti (PJ)<\/strong>. La kirchnerista no titube\u00f3 cuando marc\u00f3 que &#8220;<strong>en todos los casos, sin excepci\u00f3n: le creo a ella&#8221;<\/strong>.<\/p>\n\n\n\n<p>Y por si fuera necesario aclararlo, acot\u00f3 que en su postura de apoyar a las v\u00edctimas (o presuntas v\u00edctimas) de violencia de g\u00e9nero&nbsp;<strong>no pesan &#8220;ideolog\u00edas, partidos ni amistades&#8221;.<\/strong><\/p>\n\n\n\n<p>Pero adem\u00e1s Sagasti no dej\u00f3 pasar la oportunidad de marcar que la denuncia de Ya\u00f1ez\u00a0<strong>fue usada pol\u00edticamente<\/strong>\u00a0tambi\u00e9n para golpear al expresidente y con \u00e9l al\u00a0<strong>peronismo\u00a0<\/strong>de la gesti\u00f3n saliente. Y dispar\u00f3 contra la era libertaria cuando retruc\u00f3: &#8220;A los que desmantelaron todas las pol\u00edticas p\u00fablicas, programas de prevenci\u00f3n y abordaje de la\u00a0<strong>violencia de g\u00e9nero<\/strong>\u00a0y ahora se indignan, una sola palabra: hip\u00f3critas&#8221;.<\/p>\n\n\n\n<p>La diputada nacional sanrafaelina<strong>&nbsp;Liliana Paponet (PJ)<\/strong>&nbsp;tambi\u00e9n se hizo eco de la denuncia de la ex primera dama y pidi\u00f3&nbsp;<strong>comprometerse contra la violencia de g\u00e9nero, independientemente de si el acusado pertenece al mismo partido pol\u00edtico<\/strong>&nbsp;o no.<\/p>\n\n\n\n<p>Redobl\u00f3 la apuesta e inst\u00f3 a la Justicia a no dilatar la causa y proceder &#8220;con celeridad y firmeza&#8221;.<\/p>\n\n\n\n<h2 class=\"wp-block-heading\">Alberto, el que se jactaba de &#8220;ponerle fin al patriarcado&#8221;<\/h2>\n\n\n\n<p>El posteo de la diputada radical&nbsp;<strong>Pamela Verasay (UCR)<\/strong>&nbsp;tambi\u00e9n fue filoso contra Alberto Fern\u00e1ndez. La mendocina sali\u00f3 a marcar que&nbsp;<strong>el ex presidente, que se jactaba de que en su gesti\u00f3n iba a &#8220;ponerle fin al patriarcado&#8221;, termin\u00f3 denunciado por violencia de g\u00e9nero.<\/strong><\/p>\n\n\n\n<p>Y tampoco desperdici\u00f3 la posibilidad de pegarle pol\u00edticamente al kirchnerismo: &#8220;fue\u00a0<strong>puro relato<\/strong>, pero en los hechos no dejaron nada sin romper&#8221;.<\/p>\n\n\n\n<p>FUENTE: Diariouno.com.ar <\/p>\n","protected":false},"excerpt":{"rendered":"<p>Anabel Fern\u00e1ndez Sagasti y Liliana Paponet se desmarcaron pol\u00edticamente y pidieron que la Justicia investigue al expresidente. Se sum\u00f3 Pamela Verasay Apenas se conoci\u00f3 la noticia de que la ex primera dama\u00a0Fabiola Ya\u00f1ez denunci\u00f3 al ex presidente Alberto Fern\u00e1ndez por violencia de g\u00e9nero,\u00a0al menos\u00a0un par de legisladoras peronistas mendocinas\u00a0se desmarcaron pol\u00edticamente, salieron a respaldarla y\u00a0pidieron [&hellip;]<\/p>\n","protected":false},"author":2,"featured_media":8870,"comment_status":"open","ping_status":"open","sticky":true,"template":"","format":"standard","meta":[],"categories":[47],"tags":[],"_links":{"self":[{"href":"https:\/\/pasaenmendoza.com\/index.php?rest_route=\/wp\/v2\/posts\/8869"}],"collection":[{"href":"https:\/\/pasaenmendoza.com\/index.php?rest_route=\/wp\/v2\/posts"}],"about":[{"href":"https:\/\/pasaenmendoza.com\/index.php?rest_route=\/wp\/v2\/types\/post"}],"author":[{"embeddable":true,"href":"https:\/\/pasaenmendoza.com\/index.php?rest_route=\/wp\/v2\/users\/2"}],"replies":[{"embeddable":true,"href":"https:\/\/pasaenmendoza.com\/index.php?rest_route=%2Fwp%2Fv2%2Fcomments&post=8869"}],"version-history":[{"count":1,"href":"https:\/\/pasaenmendoza.com\/index.php?rest_route=\/wp\/v2\/posts\/8869\/revisions"}],"predecessor-version":[{"id":8871,"href":"https:\/\/pasaenmendoza.com\/index.php?rest_route=\/wp\/v2\/posts\/8869\/revisions\/8871"}],"wp:featuredmedia":[{"embeddable":true,"href":"https:\/\/pasaenmendoza.com\/index.php?rest_route=\/wp\/v2\/media\/8870"}],"wp:attachment":[{"href":"https:\/\/pasaenmendoza.com\/index.php?rest_route=%2Fwp%2Fv2%2Fmedia&parent=8869"}],"wp:term":[{"taxonomy":"category","embeddable":true,"href":"https:\/\/pasaenmendoza.com\/index.php?rest_route=%2Fwp%2Fv2%2Fcategories&post=8869"},{"taxonomy":"post_tag","embeddable":true,"href":"https:\/\/pasaenmendoza.com\/index.php?rest_route=%2Fwp%2Fv2%2Ftags&post=8869"}],"curies":[{"name":"wp","href":"https:\/\/api.w.org\/{rel}","templated":true}]}}