{"id":8873,"date":"2024-08-09T00:46:17","date_gmt":"2024-08-08T22:46:17","guid":{"rendered":"https:\/\/pasaenmendoza.com\/?p=8873"},"modified":"2024-08-09T00:46:19","modified_gmt":"2024-08-08T22:46:19","slug":"la-policia-busco-a-la-mujer-desaparecida-en-godoy-cruz-con-perros-y-drones-en-blanco-encalada","status":"publish","type":"post","link":"https:\/\/pasaenmendoza.com\/?p=8873","title":{"rendered":"La Polic\u00eda busc\u00f3 a la mujer desaparecida en Godoy Cruz con perros y drones en Blanco Encalada"},"content":{"rendered":"\n<p>La\u00a0<strong>mujer desaparecida<\/strong>\u00a0de 73 a\u00f1os que es intensamente buscada desde el lunes cuando dej\u00f3 su casa de\u00a0<strong>Godoy Cruz<\/strong>, viaj\u00f3 en micro hasta\u00a0<strong>Blanco Encalada, Luj\u00e1n,<\/strong>\u00a0seg\u00fan confirmaron desde una empresa de viajes a los investigadores.<\/p>\n\n\n\n<p>La familia estaba expectante del rastrillaje que el personal de la Polic\u00eda de Investigaciones realiz\u00f3 en horas de la siesta con perros de rastreo y drones por la zona para encontrar a\u00a0<strong>Hortencia Villa<\/strong>.<\/p>\n\n\n\n<p>Tamara V\u00e1squez, hija de la\u00a0<strong>mujer desaparecida<\/strong>\u00a0el lunes, confirm\u00f3 que un chofer de micro se\u00f1al\u00f3 el lugar exacto donde la mujer de 73 a\u00f1os se baj\u00f3 en la tarde del lunes. Dijo que fue en una parada entre una de las\u00a0<strong>empresas de rafting de la zona y el camping Las Rosas,<\/strong>\u00a0en la ruta 82, en\u00a0<strong>Blanco Encalada<\/strong>.<\/p>\n\n\n\n<p>Tanto la hija como la Polic\u00eda que reconstruyeron los \u00faltimos pasos de la&nbsp;<strong>mujer desaparecida<\/strong>&nbsp;supieron que el lunes&nbsp;<strong>Hortencia Villa<\/strong>&nbsp;compr\u00f3 un pasaje para&nbsp;<strong>Potrerillos&nbsp;<\/strong>en la terminal y un empleado de seguridad la acompa\u00f1\u00f3 hasta la plataforma donde sal\u00eda el micro en la tarde del lunes.<\/p>\n\n\n\n<h2 class=\"wp-block-heading\">Intensa b\u00fasqueda de la mujer desaparecida en Blanco Encalada<\/h2>\n\n\n\n<p>Hortencia habr\u00eda dicho en la terminal que su hija la esperaba en esa zona de la precordillera, pero no era cierto. Tamara todav\u00eda no sab\u00eda que su madre se hab\u00eda ido de la casa en la que viven juntas en Villa Hip\u00f3dromo,&nbsp;<strong>Godoy Cruz<\/strong>.<\/p>\n\n\n\n<p>Tamara asegur\u00f3 que en la noche del mi\u00e9rcoles fue hasta\u00a0<strong>Blanco Encalada<\/strong>\u00a0para encontrar a su madre, pero no lleg\u00f3 a\u00a0<strong>ning\u00fan indicio<\/strong>. En ese lugar hay muchas caba\u00f1as, adem\u00e1s del camping, por lo que puede estar en cualquier sitio.<\/p>\n\n\n\n<p>Sostuvo que su madre se llev\u00f3 el celular, pero&nbsp;<strong>est\u00e1 apagado<\/strong>&nbsp;y la \u00faltima conexi\u00f3n fue el lunes. Dijo que la Polic\u00eda buscar\u00e1 ropa de la mujer para realizar un operativo con perros de rastreo para intentar&nbsp;<strong>hallar a la mujer<\/strong>.<\/p>\n\n\n\n<p>La&nbsp;<strong>mujer desaparecida<\/strong>&nbsp;de 73 a\u00f1os ten\u00eda puesto un tapado de pa\u00f1o azul y unas botas marrones. Es rubia de pelo corto, usa lentes y es muy bajita ya que mide 1,47 metros. &#8220;Adem\u00e1s tiene depresi\u00f3n, fibromialgia y artrosis por lo que muy r\u00e1pido no camina&#8221;, sostuvo su hija.<\/p>\n\n\n\n<p>Adem\u00e1s, pidi\u00f3 a toda la gente de la zona de Blanco Encalada que la&nbsp;<strong>ayude a ubicar a su madre<\/strong>, si alguien la vio o sabe d\u00f3nde est\u00e1 que se comunique con el&nbsp;<strong>911<\/strong>.<\/p>\n\n\n\n<p>Antes de irse de su casa el lunes al mediod\u00eda,\u00a0<strong>dej\u00f3 una nota<\/strong>\u00a0en la que indic\u00f3 que se ir\u00eda lejos, que no la buscaran ni llamara porque no tendr\u00eda se\u00f1al en su celular.<\/p>\n\n\n\n<p><strong>Fuente: www.diariouno.com.ar<\/strong><\/p>\n","protected":false},"excerpt":{"rendered":"<p>La\u00a0mujer desaparecida\u00a0de 73 a\u00f1os que es intensamente buscada desde el lunes cuando dej\u00f3 su casa de\u00a0Godoy Cruz, viaj\u00f3 en micro hasta\u00a0Blanco Encalada, Luj\u00e1n,\u00a0seg\u00fan confirmaron desde una empresa de viajes a los investigadores. La familia estaba expectante del rastrillaje que el personal de la Polic\u00eda de Investigaciones realiz\u00f3 en horas de la siesta con perros de [&hellip;]<\/p>\n","protected":false},"author":2,"featured_media":8874,"comment_status":"open","ping_status":"open","sticky":false,"template":"","format":"standard","meta":[],"categories":[48],"tags":[],"_links":{"self":[{"href":"https:\/\/pasaenmendoza.com\/index.php?rest_route=\/wp\/v2\/posts\/8873"}],"collection":[{"href":"https:\/\/pasaenmendoza.com\/index.php?rest_route=\/wp\/v2\/posts"}],"about":[{"href":"https:\/\/pasaenmendoza.com\/index.php?rest_route=\/wp\/v2\/types\/post"}],"author":[{"embeddable":true,"href":"https:\/\/pasaenmendoza.com\/index.php?rest_route=\/wp\/v2\/users\/2"}],"replies":[{"embeddable":true,"href":"https:\/\/pasaenmendoza.com\/index.php?rest_route=%2Fwp%2Fv2%2Fcomments&post=8873"}],"version-history":[{"count":1,"href":"https:\/\/pasaenmendoza.com\/index.php?rest_route=\/wp\/v2\/posts\/8873\/revisions"}],"predecessor-version":[{"id":8875,"href":"https:\/\/pasaenmendoza.com\/index.php?rest_route=\/wp\/v2\/posts\/8873\/revisions\/8875"}],"wp:featuredmedia":[{"embeddable":true,"href":"https:\/\/pasaenmendoza.com\/index.php?rest_route=\/wp\/v2\/media\/8874"}],"wp:attachment":[{"href":"https:\/\/pasaenmendoza.com\/index.php?rest_route=%2Fwp%2Fv2%2Fmedia&parent=8873"}],"wp:term":[{"taxonomy":"category","embeddable":true,"href":"https:\/\/pasaenmendoza.com\/index.php?rest_route=%2Fwp%2Fv2%2Fcategories&post=8873"},{"taxonomy":"post_tag","embeddable":true,"href":"https:\/\/pasaenmendoza.com\/index.php?rest_route=%2Fwp%2Fv2%2Ftags&post=8873"}],"curies":[{"name":"wp","href":"https:\/\/api.w.org\/{rel}","templated":true}]}}