{"id":8876,"date":"2024-08-09T00:50:29","date_gmt":"2024-08-08T22:50:29","guid":{"rendered":"https:\/\/pasaenmendoza.com\/?p=8876"},"modified":"2024-08-09T00:50:30","modified_gmt":"2024-08-08T22:50:30","slug":"maria-becerra-cerrara-en-mendoza-la-fiesta-de-la-cerveza-2024-el-domingo-8-de-diciembre","status":"publish","type":"post","link":"https:\/\/pasaenmendoza.com\/?p=8876","title":{"rendered":"Mar\u00eda Becerra cerrar\u00e1 en Mendoza la Fiesta de la Cerveza 2024 el domingo 8 de diciembre"},"content":{"rendered":"\n<p><strong>Mar\u00eda Becerra<\/strong>, conocida\u00a0<em>La Nena de Argentina<\/em>, fue contratada por la Municipalidad de Godoy Cruz para cerrar la Fiesta de la Cerveza 2024 con uno de los conciertos m\u00e1s esperados de los \u00faltimos a\u00f1os.<\/p>\n\n\n\n<p>La primera preventa de entradas para la\u00a0<strong>Fiesta de la Cerveza<\/strong>, que ir\u00e1 del 5 al 8 de diciembre, estar\u00e1 activa desde\u00a0<strong>el viernes 9 de agosto a las 11<\/strong>, en la plataforma\u00a0<strong>showstickets.ar<\/strong><\/p>\n\n\n\n<p>El intendente\u00a0<strong>Diego Costarelli<\/strong>\u00a0dijo que esta es &#8220;la\u00a0<strong>Fiesta es de los vecinos de Godoy Cruz, pero tambi\u00e9n de los miles de mendocinos y turistas que nos visitan<\/strong>. Una marca exitosa que tiene que escalar en su trascendencia nacional e internacional. Seguiremos brindando las condiciones necesarias para que\u00a0<strong>sigan llegando las inversiones al departamento<\/strong>. De eso se trata este\u00a0<strong>v\u00ednculo de confianza con el sector privado\u201d.<\/strong><\/p>\n\n\n\n<h2 class=\"wp-block-heading\">Mar\u00eda Becerra y el impulso p\u00fablico-privado en Godoy Cruz<\/h2>\n\n\n\n<p>La edici\u00f3n 2024 del festejo cervecero m\u00e1s importante del pa\u00eds ser\u00e1 posible gracias al impulso de inversi\u00f3n mixta que se viene desarrollando en el departamento.<\/p>\n\n\n\n<p><strong>Se llevar\u00e1 adelante con un formato para que vecinos, cerveceros, gastron\u00f3micos, emprendedores y artistas locales deslumbren a los miles y miles de espectadores que esperan este momento del a\u00f1o para compartir entre amigos y familiares.<\/strong><\/p>\n\n\n\n<p>En las pr\u00f3ximas semanas se ir\u00e1n develando las grandes novedades que acompa\u00f1ar\u00e1n la 27a. edici\u00f3n de esta maravillosa fiesta de los mendocinos. Asimismo, se realizar\u00e1 la&nbsp;<strong>tradicional convocatoria a bandas y artistas locales para que participen de esta aventura musical y gastron\u00f3mica<\/strong>.<\/p>\n\n\n\n<p>En tanto, ya est\u00e1 asegurado el plato fuerte:&nbsp;<strong>Mar\u00eda Becerra<\/strong>, que cerrar\u00e1 el calendario cervecero.<\/p>\n\n\n\n<h2 class=\"wp-block-heading\">Mar\u00eda Becerra en la Fiesta de la Cerveza 2024<\/h2>\n\n\n\n<p><strong>Mar\u00eda Becerra<\/strong>&nbsp;tiene 24 a\u00f1os y m\u00e1s de 25,7 millones de oyentes mensuales en Spotify, m\u00e1s de 5,3 millones de suscriptores en su canal oficial de Youtube, y m\u00e1s de 12 mil millones de visitas entre todos sus videoclips.<\/p>\n\n\n\n<p>Este 2024 la artista se present\u00f3 en la celebraci\u00f3n de a\u00f1o nuevo organizada por Univisi\u00f3n en el Times Square, en la que actu\u00f3 delante de m\u00e1s de 50 mil personas.<\/p>\n\n\n\n<p>En febrero fue convocada como jurado en el Festival de Vi\u00f1a del Mar y se present\u00f3 como show de cierre del evento m\u00e1s importante de habla hispana.<\/p>\n\n\n\n<p>En marzo, lanz\u00f3 \u201cPrimer Aviso\u201d junto a Ivy Queen, que le abri\u00f3 definitivamente las puertas en pa\u00edses como Puerto Rico y los oyentes de US.<\/p>\n\n\n\n<p>El 22 y 23 de marzo, Mar\u00eda escribi\u00f3 un nuevo cap\u00edtulo en la historia de la m\u00fasica Argentina al convertirse en la primera artista mujer en presentarse en el m\u00edtico estadio River Plate ante m\u00e1s de 130 mil personas.<\/p>\n\n\n\n<p>Con 2 sold out vendidos en tiempo r\u00e9cord, la cantautora present\u00f3 un show de dos horas, dando inicio a su #Tour24, la gira m\u00e1s grande que haya hecho hasta el momento, en donde est\u00e1 recorriendo m\u00e1s de 50 escenarios entre Europa, Estados Unidos y Am\u00e9rica Latina.<\/p>\n\n\n\n<p><strong>Fuente: www.diariouno.com.ar<\/strong><\/p>\n","protected":false},"excerpt":{"rendered":"<p>Mar\u00eda Becerra, conocida\u00a0La Nena de Argentina, fue contratada por la Municipalidad de Godoy Cruz para cerrar la Fiesta de la Cerveza 2024 con uno de los conciertos m\u00e1s esperados de los \u00faltimos a\u00f1os. La primera preventa de entradas para la\u00a0Fiesta de la Cerveza, que ir\u00e1 del 5 al 8 de diciembre, estar\u00e1 activa desde\u00a0el viernes [&hellip;]<\/p>\n","protected":false},"author":2,"featured_media":8877,"comment_status":"open","ping_status":"open","sticky":false,"template":"","format":"standard","meta":[],"categories":[50],"tags":[],"_links":{"self":[{"href":"https:\/\/pasaenmendoza.com\/index.php?rest_route=\/wp\/v2\/posts\/8876"}],"collection":[{"href":"https:\/\/pasaenmendoza.com\/index.php?rest_route=\/wp\/v2\/posts"}],"about":[{"href":"https:\/\/pasaenmendoza.com\/index.php?rest_route=\/wp\/v2\/types\/post"}],"author":[{"embeddable":true,"href":"https:\/\/pasaenmendoza.com\/index.php?rest_route=\/wp\/v2\/users\/2"}],"replies":[{"embeddable":true,"href":"https:\/\/pasaenmendoza.com\/index.php?rest_route=%2Fwp%2Fv2%2Fcomments&post=8876"}],"version-history":[{"count":1,"href":"https:\/\/pasaenmendoza.com\/index.php?rest_route=\/wp\/v2\/posts\/8876\/revisions"}],"predecessor-version":[{"id":8878,"href":"https:\/\/pasaenmendoza.com\/index.php?rest_route=\/wp\/v2\/posts\/8876\/revisions\/8878"}],"wp:featuredmedia":[{"embeddable":true,"href":"https:\/\/pasaenmendoza.com\/index.php?rest_route=\/wp\/v2\/media\/8877"}],"wp:attachment":[{"href":"https:\/\/pasaenmendoza.com\/index.php?rest_route=%2Fwp%2Fv2%2Fmedia&parent=8876"}],"wp:term":[{"taxonomy":"category","embeddable":true,"href":"https:\/\/pasaenmendoza.com\/index.php?rest_route=%2Fwp%2Fv2%2Fcategories&post=8876"},{"taxonomy":"post_tag","embeddable":true,"href":"https:\/\/pasaenmendoza.com\/index.php?rest_route=%2Fwp%2Fv2%2Ftags&post=8876"}],"curies":[{"name":"wp","href":"https:\/\/api.w.org\/{rel}","templated":true}]}}