{"id":888,"date":"2023-08-23T17:02:30","date_gmt":"2023-08-23T15:02:30","guid":{"rendered":"https:\/\/pasaenmendoza.com\/?p=888"},"modified":"2023-08-23T17:02:31","modified_gmt":"2023-08-23T15:02:31","slug":"para-acelerar-startups-de-mendoza-el-gobierno-invertira-125-millones","status":"publish","type":"post","link":"https:\/\/pasaenmendoza.com\/?p=888","title":{"rendered":"Para acelerar startups de Mendoza, el Gobierno invertir\u00e1 $12,5 millones"},"content":{"rendered":"\n<p>Las aceleradoras podr\u00e1n acompa\u00f1ar emprendimientos avanzados para que logren mayor crecimiento comercial y se puedan internacionalizar y acceder a nuevos financiamientos<\/p>\n\n\n\n<p>La Direcci\u00f3n de Emprendedores anunci\u00f3 el lanzamiento de Mendoza Emprende Pre Acelera. La convocatoria estar\u00e1 vigente desde el 22 de agosto a partir de las 9 hasta el 22 de septiembre a las 18.<\/p>\n\n\n\n<p>Con una inversi\u00f3n de $12,5 millones, este programa tiene como objetivo fomentar el crecimiento y la internacionalizaci\u00f3n de startups din\u00e1micas e innovadoras a trav\u00e9s de la colaboraci\u00f3n con aceleradoras de la provincia.<\/p>\n\n\n\n<p>Desde el 22 de agosto y hasta el 22 de septiembre,<strong>&nbsp;se recibir\u00e1n solicitudes de aceleradoras dispuestas a acompa\u00f1ar emprendimientos avanzados en su viaje hacia el \u00e9xito comercial y la proyecci\u00f3n internacional.&nbsp;<\/strong>En esta colaboraci\u00f3n, las aceleradoras proporcionar\u00e1n su experiencia, red de mentores y capacidades de escalamiento al servicio de las startups con productos, servicios o procesos validados.<\/p>\n\n\n\n<p><strong>Paula Cohen<\/strong>, directora de Emprendedores del Ministerio de Econom\u00eda y Energ\u00eda, destac\u00f3: \u201cEstamos invitando a aceleradoras que puedan brindar el impulso necesario a emprendimientos que ya han demostrado su potencial y desean alcanzar nuevos niveles de crecimiento. Queremos que estos emprendimientos puedan internacionalizarse y acceder a rondas de financiamiento\u201d.<\/p>\n\n\n\n<p>La visi\u00f3n detr\u00e1s de esta iniciativa es clara: transformar el ecosistema emprendedor de Mendoza en un semillero de empresas y startups innovadoras y escalables. Cohen subray\u00f3: \u201cNuestro compromiso es con aquellos emprendimientos avanzados que requieren apoyo para seguir prosperando. Queremos que tengan acceso a financiamiento, puedan exportar sus productos y lleven el nombre de Mendoza a los mercados internacionales\u201d.<\/p>\n\n\n\n<p>La contribuci\u00f3n del Gobierno de Mendoza<strong>&nbsp;ser\u00e1 en forma de Aportes No Reembolsables (ANR)<\/strong>, otorgando hasta 80% del gasto total a las aceleradoras seleccionadas. En total, se destinar\u00e1n $12,5 millones para el programa de preaceleraci\u00f3n.<\/p>\n\n\n\n<p><strong>Fuente: www.diariouno.com.ar<\/strong><\/p>\n","protected":false},"excerpt":{"rendered":"<p>Las aceleradoras podr\u00e1n acompa\u00f1ar emprendimientos avanzados para que logren mayor crecimiento comercial y se puedan internacionalizar y acceder a nuevos financiamientos La Direcci\u00f3n de Emprendedores anunci\u00f3 el lanzamiento de Mendoza Emprende Pre Acelera. La convocatoria estar\u00e1 vigente desde el 22 de agosto a partir de las 9 hasta el 22 de septiembre a las 18. [&hellip;]<\/p>\n","protected":false},"author":2,"featured_media":889,"comment_status":"open","ping_status":"open","sticky":false,"template":"","format":"standard","meta":[],"categories":[49],"tags":[],"_links":{"self":[{"href":"https:\/\/pasaenmendoza.com\/index.php?rest_route=\/wp\/v2\/posts\/888"}],"collection":[{"href":"https:\/\/pasaenmendoza.com\/index.php?rest_route=\/wp\/v2\/posts"}],"about":[{"href":"https:\/\/pasaenmendoza.com\/index.php?rest_route=\/wp\/v2\/types\/post"}],"author":[{"embeddable":true,"href":"https:\/\/pasaenmendoza.com\/index.php?rest_route=\/wp\/v2\/users\/2"}],"replies":[{"embeddable":true,"href":"https:\/\/pasaenmendoza.com\/index.php?rest_route=%2Fwp%2Fv2%2Fcomments&post=888"}],"version-history":[{"count":1,"href":"https:\/\/pasaenmendoza.com\/index.php?rest_route=\/wp\/v2\/posts\/888\/revisions"}],"predecessor-version":[{"id":890,"href":"https:\/\/pasaenmendoza.com\/index.php?rest_route=\/wp\/v2\/posts\/888\/revisions\/890"}],"wp:featuredmedia":[{"embeddable":true,"href":"https:\/\/pasaenmendoza.com\/index.php?rest_route=\/wp\/v2\/media\/889"}],"wp:attachment":[{"href":"https:\/\/pasaenmendoza.com\/index.php?rest_route=%2Fwp%2Fv2%2Fmedia&parent=888"}],"wp:term":[{"taxonomy":"category","embeddable":true,"href":"https:\/\/pasaenmendoza.com\/index.php?rest_route=%2Fwp%2Fv2%2Fcategories&post=888"},{"taxonomy":"post_tag","embeddable":true,"href":"https:\/\/pasaenmendoza.com\/index.php?rest_route=%2Fwp%2Fv2%2Ftags&post=888"}],"curies":[{"name":"wp","href":"https:\/\/api.w.org\/{rel}","templated":true}]}}