{"id":8889,"date":"2024-08-09T23:51:39","date_gmt":"2024-08-09T21:51:39","guid":{"rendered":"https:\/\/pasaenmendoza.com\/?p=8889"},"modified":"2024-08-09T23:51:41","modified_gmt":"2024-08-09T21:51:41","slug":"pronostico-del-tiempo-en-mendoza-las-temperaturas-iran-en-aumento-hacia-el-fin-de-semana","status":"publish","type":"post","link":"https:\/\/pasaenmendoza.com\/?p=8889","title":{"rendered":"Pron\u00f3stico del tiempo en Mendoza: las temperaturas ir\u00e1n en aumento hacia el fin de semana"},"content":{"rendered":"\n<p>Luego de una semana con temperaturas muy bajas, el\u00a0<strong>pron\u00f3stico del tiempo en Mendoza<\/strong>\u00a0anticip\u00f3 que el viernes tendr\u00e1 un amanecer fr\u00edo, pero que las m\u00e1ximas ir\u00e1n en aumento hacia la pr\u00f3xima semana, con marcas que llegar\u00e1n a los 20 grados en pleno invierno.<\/p>\n\n\n\n<p>El\u00a0<strong>pron\u00f3stico del tiempo\u00a0<\/strong>emitido por\u00a0<strong>el Servicio Meteorol\u00f3gico Nacional\u00a0<\/strong>indic\u00f3 que para el viernes se espera una m\u00ednima de\u00a0<strong>1 grado bajo cero<\/strong>\u00a0con\u00a0<strong>heladas\u00a0<\/strong>generales. Durante la tarde la m\u00e1xima alcanzar\u00eda los\u00a0<strong>15 grados<\/strong>\u00a0con cielo poco nuboso.<\/p>\n\n\n\n<p>En alta monta\u00f1a, en tanto, no se esperan precipitaciones para este viernes 9 de agosto y el buen tiempo hace que el paso internacional a Chile permanezca\u00a0<strong>habilitado\u00a0<\/strong>para todo tipo de veh\u00edculo, en su horario de invierno de 9 a 21.<\/p>\n\n\n\n<p>Desde el&nbsp;<strong>s\u00e1bado&nbsp;<\/strong>hay una clara tendencia de aumento de las temperaturas tanto m\u00ednimas como m\u00e1ximas, seg\u00fan el&nbsp;<strong>pron\u00f3stico del tiempo<\/strong>. Se espera que en el amanecer se registren&nbsp;<strong>4 grados<\/strong>, mientras que en la tarde podr\u00eda trepar hasta los&nbsp;<strong>18 grados<\/strong>.<\/p>\n\n\n\n<p>El&nbsp;<strong>domingo&nbsp;<\/strong>habr\u00e1 una leve variaci\u00f3n con&nbsp;<strong>5 grados<\/strong>&nbsp;de m\u00ednima y&nbsp;<strong>16 grados<\/strong>&nbsp;de m\u00e1xima.<\/p>\n\n\n\n<h2 class=\"wp-block-heading\">El pron\u00f3stico del tiempo para la pr\u00f3xima semana<\/h2>\n\n\n\n<p>Desde el\u00a0<strong>lunes\u00a0<\/strong>contin\u00faa la tendencia de aumento de las temperaturas y se espera que el d\u00eda inicie con\u00a0<strong>4 grados\u00a0<\/strong>de m\u00ednima y\u00a0<strong>18 grados<\/strong>\u00a0de m\u00e1xima hacia la tarde con algo de nubosidad.<\/p>\n\n\n\n<p>El pron\u00f3stico del tiempo adelant\u00f3 que el&nbsp;<strong>martes&nbsp;<\/strong>se mantendr\u00e1 muy parecido con&nbsp;<strong>5 grados<\/strong>&nbsp;de m\u00ednima y&nbsp;<strong>17 grados<\/strong>&nbsp;de m\u00e1xima.<\/p>\n\n\n\n<p>Mientras que para el\u00a0<strong>mi\u00e9rcoles\u00a0<\/strong>sigue la suba de las marcas con\u00a0<strong>8 grados<\/strong>\u00a0de m\u00ednima y\u00a0<strong>20 grados\u00a0<\/strong>de m\u00e1xima durante la tarde parcialmente nublado.<\/p>\n\n\n\n<p><strong>Fuente: www.diariouno.com.ar<\/strong><\/p>\n","protected":false},"excerpt":{"rendered":"<p>Luego de una semana con temperaturas muy bajas, el\u00a0pron\u00f3stico del tiempo en Mendoza\u00a0anticip\u00f3 que el viernes tendr\u00e1 un amanecer fr\u00edo, pero que las m\u00e1ximas ir\u00e1n en aumento hacia la pr\u00f3xima semana, con marcas que llegar\u00e1n a los 20 grados en pleno invierno. El\u00a0pron\u00f3stico del tiempo\u00a0emitido por\u00a0el Servicio Meteorol\u00f3gico Nacional\u00a0indic\u00f3 que para el viernes se espera [&hellip;]<\/p>\n","protected":false},"author":2,"featured_media":8890,"comment_status":"open","ping_status":"open","sticky":false,"template":"","format":"standard","meta":[],"categories":[52],"tags":[],"_links":{"self":[{"href":"https:\/\/pasaenmendoza.com\/index.php?rest_route=\/wp\/v2\/posts\/8889"}],"collection":[{"href":"https:\/\/pasaenmendoza.com\/index.php?rest_route=\/wp\/v2\/posts"}],"about":[{"href":"https:\/\/pasaenmendoza.com\/index.php?rest_route=\/wp\/v2\/types\/post"}],"author":[{"embeddable":true,"href":"https:\/\/pasaenmendoza.com\/index.php?rest_route=\/wp\/v2\/users\/2"}],"replies":[{"embeddable":true,"href":"https:\/\/pasaenmendoza.com\/index.php?rest_route=%2Fwp%2Fv2%2Fcomments&post=8889"}],"version-history":[{"count":1,"href":"https:\/\/pasaenmendoza.com\/index.php?rest_route=\/wp\/v2\/posts\/8889\/revisions"}],"predecessor-version":[{"id":8891,"href":"https:\/\/pasaenmendoza.com\/index.php?rest_route=\/wp\/v2\/posts\/8889\/revisions\/8891"}],"wp:featuredmedia":[{"embeddable":true,"href":"https:\/\/pasaenmendoza.com\/index.php?rest_route=\/wp\/v2\/media\/8890"}],"wp:attachment":[{"href":"https:\/\/pasaenmendoza.com\/index.php?rest_route=%2Fwp%2Fv2%2Fmedia&parent=8889"}],"wp:term":[{"taxonomy":"category","embeddable":true,"href":"https:\/\/pasaenmendoza.com\/index.php?rest_route=%2Fwp%2Fv2%2Fcategories&post=8889"},{"taxonomy":"post_tag","embeddable":true,"href":"https:\/\/pasaenmendoza.com\/index.php?rest_route=%2Fwp%2Fv2%2Ftags&post=8889"}],"curies":[{"name":"wp","href":"https:\/\/api.w.org\/{rel}","templated":true}]}}