{"id":8898,"date":"2024-08-12T22:55:20","date_gmt":"2024-08-12T20:55:20","guid":{"rendered":"https:\/\/pasaenmendoza.com\/?p=8898"},"modified":"2024-08-12T22:55:21","modified_gmt":"2024-08-12T20:55:21","slug":"la-dge-inauguro-las-jornadas-docentes-remuneradas-2024-con-12-mil-inscriptos","status":"publish","type":"post","link":"https:\/\/pasaenmendoza.com\/?p=8898","title":{"rendered":"La DGE inaugur\u00f3 las Jornadas Docentes Remuneradas 2024 con 12 mil inscriptos"},"content":{"rendered":"\n<p>La\u00a0<strong>Direcci\u00f3n General de Escuelas (DGE)<\/strong>\u00a0comenz\u00f3 este s\u00e1bado con las\u00a0<strong>Jornadas\u00a0<\/strong>Docentes Remuneradas 2024 sobre trayectos formativos breves. Registraron m\u00e1s de 12.000 inscriptos para las primeras actividades del mes de agosto. Las capacitaciones fueron en Lengua, Matem\u00e1tica, Alfabetizaci\u00f3n, Idioma y Tecnolog\u00eda.<\/p>\n\n\n\n<p>Estos espacios se desarrollan los s\u00e1bados de manera&nbsp;<strong>presencial y\/o virtual<\/strong>&nbsp;y la remuneraci\u00f3n es de $40.000, pagando 50% con la asistencia y otro 50% con la aprobaci\u00f3n final del curso.<\/p>\n\n\n\n<p>La subsecretaria de Educaci\u00f3n de la DGE, Claudia Ferrari, presente en la jornada desarrollada en el Colegio del Carmen, de San Rafael, en el marco del programa \u201cUniendo Metas\u201d, manifest\u00f3 su alegr\u00eda de ver a los docentes trabajando en su propia\u00a0<strong>formaci\u00f3n<\/strong>, como a los estudiantes avanzando en conocer c\u00f3mo se desarrolla esta propuesta.<\/p>\n\n\n\n<p>Adem\u00e1s, asisti\u00f3 a la escuela San Rafael Arc\u00e1ngel, d\u00f3nde acompa\u00f1\u00f3 a los docentes que tuvieron su&nbsp;<strong>jornada<\/strong>, denominada Energ\u00eda Sostenible. \u201cParticiparon distintas fundaciones y organizaciones, como Varkey, Emesa, EPRE y Pampa Energ\u00eda, acompa\u00f1ando a la Direcci\u00f3n General de Escuelas, para darle continuidad a un programa que los docentes llevar\u00e1n al aula\u201d, coment\u00f3 la subsecretaria.<\/p>\n\n\n\n<p>En tanto que la directora de Planificaci\u00f3n de la Calidad Educativa, N\u00e9lida Maluf, acompa\u00f1\u00f3 a la directora y al vicedirector de Educaci\u00f3n Inicial, Adriana Rubio y Marcelo Garc\u00eda. Las autoridades del gobierno escolar estuvieron en la propuesta de Liderazgo situado y gesti\u00f3n escolar estrat\u00e9gica, que tuvo lugar en el Sal\u00f3n del Bicentenario, de Jun\u00edn.<\/p>\n\n\n\n<h2 class=\"wp-block-heading\">En qu\u00e9 consisten las Jornadas Docentes Remuneradas 2024<\/h2>\n\n\n\n<p>La realizaci\u00f3n de las&nbsp;<strong>jornadas remuneradas<\/strong>&nbsp;ser\u00e1 sobre las \u00e1reas que fueron priorizadas en la gesti\u00f3n con los siguientes temas:<\/p>\n\n\n\n<p>1. \u00c1rea Lengua: fluidez, comprensi\u00f3n lectora. Producci\u00f3n oral y escrita.<\/p>\n\n\n\n<p>2. \u00c1rea Matem\u00e1tica: saberes priorizados a partir de los datos arrojados por la muestra realizada.<\/p>\n\n\n\n<p>3. Alfabetizaci\u00f3n: destinada a inicial, primaria, secundaria y j\u00f3venes y adultos.<\/p>\n\n\n\n<p>4. Idioma: servir\u00e1 como base para la presentaci\u00f3n del programa de Ingl\u00e9s.<\/p>\n\n\n\n<p>5. Tecnolog\u00eda: destinado a docentes de inicial y primaria.<\/p>\n\n\n\n<p>Cada una de las \u00e1reas de formaciones remuneradas tendr\u00e1 como formato dos etapas. La primera, por medio de la participaci\u00f3n\u00a0<strong>presencial<\/strong>\u00a0de los docentes en encuentros organizados en todo el territorio de la provincia. La segunda etapa, v\u00eda plataforma Escuela Digital Mendoza, donde deber\u00e1n subir las actividades generadas a partir de la formaci\u00f3n y los\u00a0<strong>resultados\u00a0<\/strong>obtenidos con sus estudiantes.<\/p>\n\n\n\n<p>En tanto, las&nbsp;<strong>capacitaciones<\/strong>&nbsp;destinadas a preceptores y del Servicio de Orientaci\u00f3n Escolar (SOE) tendr\u00e1n el mismo formato propuesto: formaci\u00f3n presencial y propuesta de implementaci\u00f3n con evaluaci\u00f3n de&nbsp;<strong>resultados<\/strong>. Los temas priorizados en este caso son Convivencia escolar, Educaci\u00f3n Sexual Integral (ESI) y protocolos de intervenci\u00f3n sobre situaciones emergentes.<\/p>\n\n\n\n<p>Algunas de las&nbsp;<strong>capacitaciones<\/strong>&nbsp;destinadas a directivos ser\u00e1n en dos etapas, y otras, en el marco del Concurso Directivo, donde especialistas tendr\u00e1n a cargo&nbsp;<strong>webinars&nbsp;<\/strong>que se incorporar\u00e1n a la plataforma del concurso y se transmitir\u00e1n por YouTube DGE.<\/p>\n\n\n\n<p>Los temas priorizados para este grupo ser\u00e1n rol y liderazgo del director, gesti\u00f3n pedag\u00f3gica, gesti\u00f3n administrativa y financiera, resoluci\u00f3n de conflictos y planificaci\u00f3n estrat\u00e9gica.<\/p>\n\n\n\n<p><strong>Fuente: www.diariouno.com.ar<\/strong><\/p>\n","protected":false},"excerpt":{"rendered":"<p>La\u00a0Direcci\u00f3n General de Escuelas (DGE)\u00a0comenz\u00f3 este s\u00e1bado con las\u00a0Jornadas\u00a0Docentes Remuneradas 2024 sobre trayectos formativos breves. Registraron m\u00e1s de 12.000 inscriptos para las primeras actividades del mes de agosto. Las capacitaciones fueron en Lengua, Matem\u00e1tica, Alfabetizaci\u00f3n, Idioma y Tecnolog\u00eda. Estos espacios se desarrollan los s\u00e1bados de manera&nbsp;presencial y\/o virtual&nbsp;y la remuneraci\u00f3n es de $40.000, pagando 50% [&hellip;]<\/p>\n","protected":false},"author":2,"featured_media":8899,"comment_status":"open","ping_status":"open","sticky":false,"template":"","format":"standard","meta":[],"categories":[56],"tags":[],"_links":{"self":[{"href":"https:\/\/pasaenmendoza.com\/index.php?rest_route=\/wp\/v2\/posts\/8898"}],"collection":[{"href":"https:\/\/pasaenmendoza.com\/index.php?rest_route=\/wp\/v2\/posts"}],"about":[{"href":"https:\/\/pasaenmendoza.com\/index.php?rest_route=\/wp\/v2\/types\/post"}],"author":[{"embeddable":true,"href":"https:\/\/pasaenmendoza.com\/index.php?rest_route=\/wp\/v2\/users\/2"}],"replies":[{"embeddable":true,"href":"https:\/\/pasaenmendoza.com\/index.php?rest_route=%2Fwp%2Fv2%2Fcomments&post=8898"}],"version-history":[{"count":1,"href":"https:\/\/pasaenmendoza.com\/index.php?rest_route=\/wp\/v2\/posts\/8898\/revisions"}],"predecessor-version":[{"id":8900,"href":"https:\/\/pasaenmendoza.com\/index.php?rest_route=\/wp\/v2\/posts\/8898\/revisions\/8900"}],"wp:featuredmedia":[{"embeddable":true,"href":"https:\/\/pasaenmendoza.com\/index.php?rest_route=\/wp\/v2\/media\/8899"}],"wp:attachment":[{"href":"https:\/\/pasaenmendoza.com\/index.php?rest_route=%2Fwp%2Fv2%2Fmedia&parent=8898"}],"wp:term":[{"taxonomy":"category","embeddable":true,"href":"https:\/\/pasaenmendoza.com\/index.php?rest_route=%2Fwp%2Fv2%2Fcategories&post=8898"},{"taxonomy":"post_tag","embeddable":true,"href":"https:\/\/pasaenmendoza.com\/index.php?rest_route=%2Fwp%2Fv2%2Ftags&post=8898"}],"curies":[{"name":"wp","href":"https:\/\/api.w.org\/{rel}","templated":true}]}}