{"id":8901,"date":"2024-08-12T22:59:53","date_gmt":"2024-08-12T20:59:53","guid":{"rendered":"https:\/\/pasaenmendoza.com\/?p=8901"},"modified":"2024-08-12T22:59:54","modified_gmt":"2024-08-12T20:59:54","slug":"incendio-en-san-martin-murio-una-nina-de-13-anos-y-es-la-tercera-victima-fatal","status":"publish","type":"post","link":"https:\/\/pasaenmendoza.com\/?p=8901","title":{"rendered":"Incendio en San Mart\u00edn: muri\u00f3 una ni\u00f1a de 13 a\u00f1os y es la tercera v\u00edctima fatal"},"content":{"rendered":"\n<p>La nena de 13 a\u00f1os que hab\u00eda sido rescatada con vida el s\u00e1bado de un\u00a0<strong>incendio<\/strong>\u00a0en una casa en el barrio Norte, en\u00a0<strong>San Mart\u00edn<\/strong>, muri\u00f3 en la madrugada de este lunes en el\u00a0<strong>Hospital Notti.<\/strong>\u00a0La joven estaba al cuidado de sus dos sobrinas de 3 y 5 a\u00f1os el s\u00e1bado cuando las llamas tomaron su casa. Las dos peque\u00f1as murieron en el lugar.<\/p>\n\n\n\n<p>Se trata de\u00a0<strong>Guadalupe Ontiveros<\/strong>, de 13 a\u00f1os, quien hab\u00eda sido sacada con vida por los Bomberos que trabajaron en el\u00a0<strong>incendio\u00a0<\/strong>de una precaria casa de calles Cardenal Samor\u00e9 y Leonardi, del barrio Norte.<\/p>\n\n\n\n<p>La joven hab\u00eda quedado al cuidado de las nenas debido a que la madre de estas estaba en el Hospital Perrupato con&nbsp;<strong>trabajo de parto<\/strong>.<\/p>\n\n\n\n<p>Los primeros indicios se\u00f1alaron que el\u00a0<strong>incendio\u00a0<\/strong>se habr\u00eda desatado por el recalentamiento de una\u00a0<strong>zapatilla el\u00e9ctrica<\/strong>\u00a0que ten\u00eda varios elementos enchufados.<\/p>\n\n\n\n<p>El\u00a0<strong>incendio\u00a0<\/strong>ocurri\u00f3 en las primeras horas de la tarde del s\u00e1bado, y en el lugar trabajaron Bomberos de la Polic\u00eda del Este, Voluntarios de San Mart\u00edn, Defensa Civil de San Mart\u00edn, adem\u00e1s de polic\u00edas.<\/p>\n\n\n\n<p>Del interior de la casa sacaron a las&nbsp;<strong>hermanitas&nbsp;<\/strong>Amparo, de 3 a\u00f1os, y Alma Chirino, de 5 a\u00f1os, sin vida, pero a Guadalupe Ontiveros, de 13 a\u00f1os, la sacaron viva aunque en muy grave estado como consecuencia del&nbsp;<strong>incendio<\/strong>. M\u00e9dicos del Servicio de Emergencias Coordinado la asistieron y la trasladaron r\u00e1pidamente al Hospital Perrupato.<\/p>\n\n\n\n<p>All\u00ed le dieron la primera asistencia y una vez estabilizada la trasladaron al Notti, donde en la madrugada de este lunes confirmaron su muerte como consecuencia de las heridas sufridas en el\u00a0<strong>incendio<\/strong>.<\/p>\n\n\n\n<p><strong>Fuente: www.diariouno.com.ar<\/strong><\/p>\n","protected":false},"excerpt":{"rendered":"<p>La nena de 13 a\u00f1os que hab\u00eda sido rescatada con vida el s\u00e1bado de un\u00a0incendio\u00a0en una casa en el barrio Norte, en\u00a0San Mart\u00edn, muri\u00f3 en la madrugada de este lunes en el\u00a0Hospital Notti.\u00a0La joven estaba al cuidado de sus dos sobrinas de 3 y 5 a\u00f1os el s\u00e1bado cuando las llamas tomaron su casa. Las [&hellip;]<\/p>\n","protected":false},"author":2,"featured_media":8902,"comment_status":"open","ping_status":"open","sticky":false,"template":"","format":"standard","meta":[],"categories":[48],"tags":[],"_links":{"self":[{"href":"https:\/\/pasaenmendoza.com\/index.php?rest_route=\/wp\/v2\/posts\/8901"}],"collection":[{"href":"https:\/\/pasaenmendoza.com\/index.php?rest_route=\/wp\/v2\/posts"}],"about":[{"href":"https:\/\/pasaenmendoza.com\/index.php?rest_route=\/wp\/v2\/types\/post"}],"author":[{"embeddable":true,"href":"https:\/\/pasaenmendoza.com\/index.php?rest_route=\/wp\/v2\/users\/2"}],"replies":[{"embeddable":true,"href":"https:\/\/pasaenmendoza.com\/index.php?rest_route=%2Fwp%2Fv2%2Fcomments&post=8901"}],"version-history":[{"count":1,"href":"https:\/\/pasaenmendoza.com\/index.php?rest_route=\/wp\/v2\/posts\/8901\/revisions"}],"predecessor-version":[{"id":8903,"href":"https:\/\/pasaenmendoza.com\/index.php?rest_route=\/wp\/v2\/posts\/8901\/revisions\/8903"}],"wp:featuredmedia":[{"embeddable":true,"href":"https:\/\/pasaenmendoza.com\/index.php?rest_route=\/wp\/v2\/media\/8902"}],"wp:attachment":[{"href":"https:\/\/pasaenmendoza.com\/index.php?rest_route=%2Fwp%2Fv2%2Fmedia&parent=8901"}],"wp:term":[{"taxonomy":"category","embeddable":true,"href":"https:\/\/pasaenmendoza.com\/index.php?rest_route=%2Fwp%2Fv2%2Fcategories&post=8901"},{"taxonomy":"post_tag","embeddable":true,"href":"https:\/\/pasaenmendoza.com\/index.php?rest_route=%2Fwp%2Fv2%2Ftags&post=8901"}],"curies":[{"name":"wp","href":"https:\/\/api.w.org\/{rel}","templated":true}]}}