{"id":8904,"date":"2024-08-12T23:10:01","date_gmt":"2024-08-12T21:10:01","guid":{"rendered":"https:\/\/pasaenmendoza.com\/?p=8904"},"modified":"2024-08-12T23:10:02","modified_gmt":"2024-08-12T21:10:02","slug":"vargas-arizu-lanzo-un-nuevo-seguro-agricola-que-alcanza-a-mas-del-50-de-los-productores-viticolas","status":"publish","type":"post","link":"https:\/\/pasaenmendoza.com\/?p=8904","title":{"rendered":"Vargas Arizu lanz\u00f3 un nuevo seguro agr\u00edcola que alcanza a m\u00e1s del 50% de los productores vit\u00edcolas"},"content":{"rendered":"\n<p>El ministro de Producci\u00f3n, Rodolfo Vargas Arizu, present\u00f3 formalmente el\u00a0nuevo\u00a0<strong>seguro agr\u00edcola<\/strong>\u00a0que regir\u00e1 durante la pr\u00f3xima temporada para cubrir a los productores mendocinos con hasta $1.500.000 por hect\u00e1rea, ante la ausencia de la\u00a0<strong>lucha antigranizo<\/strong>.<\/p>\n\n\n\n<p>Los fondos tienen el foco puesto en \u201c<strong>peque\u00f1os productores<\/strong>\u201d, es decir, aquellos con\u00a0<strong>hasta 30 hect\u00e1reas<\/strong>\u00a0cultivadas tanto de vid como de frutales, hortalizas de verano y forraje. Desde Gobierno calculan que, por ejemplo,\u00a0<strong>m\u00e1s del 50% de los vit\u00edcolas<\/strong>\u00a0de la provincia quedar\u00e1n cubiertos con alguna de las modalidades de este\u00a0<strong>seguro agr\u00edcola<\/strong>. Y que se cubrir\u00e1 a m\u00e1s del 65% de los productores totales.<\/p>\n\n\n\n<p>Para poder acceder, deben estar inscriptos en el Registro Permanente del Uso de la Tierra (RUT-SIA). Aquel que no est\u00e1, tiene plazo hasta el 30 de agosto.<\/p>\n\n\n\n<h2 class=\"wp-block-heading\">Tipos de cobertura del seguro agr\u00edcola 2024<\/h2>\n\n\n\n<p>El&nbsp;<strong>Fondo Compensador Agr\u00edcola (FCA)&nbsp;<\/strong>ofrece tres tipos de coberturas para la temporada, la primera sin&nbsp;<strong>lucha antigranizo<\/strong>:<\/p>\n\n\n\n<figure class=\"wp-block-image\"><img decoding=\"async\" src=\"https:\/\/media.diariouno.com.ar\/p\/ef933f85a78a02ddf0071e5a43d1f37a\/adjuntos\/298\/imagenes\/009\/385\/0009385744\/1200x0\/smart\/seguro-agricola-2024jpg.jpg\" alt=\"Las coberturas del seguro agr\u00edcola, seg\u00fan la necesidad de cada productor.\" title=\"Las coberturas del seguro agr\u00edcola, seg\u00fan la necesidad de cada productor.\"\/><\/figure>\n\n\n\n<p>Las coberturas del seguro agr\u00edcola, seg\u00fan la necesidad de cada productor.<\/p>\n\n\n\n<p>Cobertura espec\u00edfica&nbsp;<strong>granizo<\/strong>: con una compensaci\u00f3n de $1.500.000 por hect\u00e1rea afectada.<\/p>\n\n\n\n<ul>\n<li>Aporte del productor en el oasis Centro y Norte: $12.000 por hect\u00e1rea.<\/li>\n\n\n\n<li>Aporte del productor en el oasis Sur: $38.000 por hect\u00e1rea.<\/li>\n\n\n\n<li>Aporte del productor en el oasis Este: $30.000 por hect\u00e1rea.<\/li>\n<\/ul>\n\n\n\n<p>Cobertura inicial&nbsp;<strong>granizo + heladas<\/strong>: con una compensaci\u00f3n de $600.000 por hect\u00e1rea.<\/p>\n\n\n\n<ul>\n<li>Aporte del productor en el oasis Centro y Norte: $20.000 por hect\u00e1rea.<\/li>\n\n\n\n<li>Aporte del productor en el oasis Sur: $29.000 por hect\u00e1rea.<\/li>\n\n\n\n<li>Aporte del productor en el oasis Este: $25.000 por hect\u00e1rea.<\/li>\n<\/ul>\n\n\n\n<p>Cobertura integral&nbsp;<strong>granizo + heladas<\/strong>: con una compensaci\u00f3n de $1.500.000 por hect\u00e1rea.<\/p>\n\n\n\n<ul>\n<li>Aporte del productor en el oasis Centro y Norte: $110.000 por hect\u00e1rea.<\/li>\n\n\n\n<li>Aporte del productor en el oasis Sur: $180.000 por hect\u00e1rea.<\/li>\n\n\n\n<li>Aporte del productor en el oasis Este: $150.000 por hect\u00e1rea.<\/li>\n<\/ul>\n\n\n\n<p>Adem\u00e1s, estas coberturas incluyen protecci\u00f3n para\u00a0<strong>hortalizas y forrajes<\/strong>, con una compensaci\u00f3n de $120.000 por hect\u00e1rea, beneficiando tanto a quienes se dedican exclusivamente a estos cultivos como a aquellos que los combinan con vid o frutales, siempre para productores con\u00a0<strong>hasta 30 hect\u00e1reas cultivadas<\/strong>.<\/p>\n\n\n\n<p><strong>Fuente: www.diariouno.com.ar<\/strong><\/p>\n","protected":false},"excerpt":{"rendered":"<p>El ministro de Producci\u00f3n, Rodolfo Vargas Arizu, present\u00f3 formalmente el\u00a0nuevo\u00a0seguro agr\u00edcola\u00a0que regir\u00e1 durante la pr\u00f3xima temporada para cubrir a los productores mendocinos con hasta $1.500.000 por hect\u00e1rea, ante la ausencia de la\u00a0lucha antigranizo. Los fondos tienen el foco puesto en \u201cpeque\u00f1os productores\u201d, es decir, aquellos con\u00a0hasta 30 hect\u00e1reas\u00a0cultivadas tanto de vid como de frutales, hortalizas [&hellip;]<\/p>\n","protected":false},"author":2,"featured_media":8906,"comment_status":"open","ping_status":"open","sticky":false,"template":"","format":"standard","meta":[],"categories":[87],"tags":[],"_links":{"self":[{"href":"https:\/\/pasaenmendoza.com\/index.php?rest_route=\/wp\/v2\/posts\/8904"}],"collection":[{"href":"https:\/\/pasaenmendoza.com\/index.php?rest_route=\/wp\/v2\/posts"}],"about":[{"href":"https:\/\/pasaenmendoza.com\/index.php?rest_route=\/wp\/v2\/types\/post"}],"author":[{"embeddable":true,"href":"https:\/\/pasaenmendoza.com\/index.php?rest_route=\/wp\/v2\/users\/2"}],"replies":[{"embeddable":true,"href":"https:\/\/pasaenmendoza.com\/index.php?rest_route=%2Fwp%2Fv2%2Fcomments&post=8904"}],"version-history":[{"count":1,"href":"https:\/\/pasaenmendoza.com\/index.php?rest_route=\/wp\/v2\/posts\/8904\/revisions"}],"predecessor-version":[{"id":8907,"href":"https:\/\/pasaenmendoza.com\/index.php?rest_route=\/wp\/v2\/posts\/8904\/revisions\/8907"}],"wp:featuredmedia":[{"embeddable":true,"href":"https:\/\/pasaenmendoza.com\/index.php?rest_route=\/wp\/v2\/media\/8906"}],"wp:attachment":[{"href":"https:\/\/pasaenmendoza.com\/index.php?rest_route=%2Fwp%2Fv2%2Fmedia&parent=8904"}],"wp:term":[{"taxonomy":"category","embeddable":true,"href":"https:\/\/pasaenmendoza.com\/index.php?rest_route=%2Fwp%2Fv2%2Fcategories&post=8904"},{"taxonomy":"post_tag","embeddable":true,"href":"https:\/\/pasaenmendoza.com\/index.php?rest_route=%2Fwp%2Fv2%2Ftags&post=8904"}],"curies":[{"name":"wp","href":"https:\/\/api.w.org\/{rel}","templated":true}]}}