{"id":8908,"date":"2024-08-12T23:17:22","date_gmt":"2024-08-12T21:17:22","guid":{"rendered":"https:\/\/pasaenmendoza.com\/?p=8908"},"modified":"2024-08-12T23:17:23","modified_gmt":"2024-08-12T21:17:23","slug":"ambiente-la-provincia-llamo-para-cubrir-mas-100-puestos-de-trabajo-en-areas-naturales-protegidas","status":"publish","type":"post","link":"https:\/\/pasaenmendoza.com\/?p=8908","title":{"rendered":"Ambiente: la Provincia llam\u00f3 para cubrir m\u00e1s 100 puestos de trabajo en \u00c1reas Naturales Protegidas"},"content":{"rendered":"\n<p>El Ministerio de Energ\u00eda y Ambiente de Mendoza tiene abierta la\u00a0<strong>convocatoria p\u00fablica para\u00a0contratos de servicios temporarios en \u00c1reas Naturales Protegidas, Plan Provincial de Manejo del Fuego y N\u00e1utica<\/strong>. Se trata de\u00a0<strong>105 puestos de trabajo<\/strong>\u00a0y la solicitudes se recibir\u00e1n hasta el 30 de agosto.<\/p>\n\n\n\n<p>Pueden presentarse todos los que deseen prestar servicios en estas \u00e1reas para la temporada 2024-2025. Los requisitos son ser mayores de edad y enviar todos los documentos que se requieren mediante la planilla del\u00a0sistema Ticket.<\/p>\n\n\n\n<p>El ministerio tambi\u00e9n recuerda que quedan autom\u00e1ticamente excluidos quienes formen parte del Registro de Deudores Alimentarios.<\/p>\n\n\n\n<p>Los postulantes podr\u00e1n presentar la documentaci\u00f3n incluso hasta las 23.59 del 30 de agosto por internet, mientras que&nbsp;<strong>en setiembre se analizar\u00e1n los perfiles. Posteriormente se notificar\u00e1 el listado definitivo y comenzar\u00e1n a prestar servicios el 1 de noviembre<\/strong>. Los contratos finalizan el 30 de abril de 2025.<\/p>\n\n\n\n<figure class=\"wp-block-image\"><img decoding=\"async\" src=\"https:\/\/media.diariouno.com.ar\/p\/1d3f77389b481213d4cc57206a995077\/adjuntos\/298\/imagenes\/009\/385\/0009385592\/1200x0\/smart\/vacantes-cubir-areas-naturalesjpeg.jpeg\" alt=\"\" title=\"\"\/><\/figure>\n\n\n\n<h2 class=\"wp-block-heading\">Vacantes a cubrir en Ambiente<\/h2>\n\n\n\n<p>La carga horaria ser\u00e1 la siguiente:<\/p>\n\n\n\n<ul>\n<li>\u00c1reas Naturales Protegidas: d\u00eda completo de servicio por un d\u00eda de descanso (1\u00d71) en turnos de 7 o 14 d\u00edas, seg\u00fan la organizaci\u00f3n de cada \u00e1rea natural.<\/li>\n\n\n\n<li>Informadores tur\u00edsticos: Turnos de 5 horas, de lunes a s\u00e1bado. Horarios a cubrir de 8 a 13 y de 13 a 18. Domingos y feriados, rotativos.<\/li>\n\n\n\n<li>Plan de Manejo del Fuego: D\u00eda completo de servicio por un d\u00eda de descanso (1\u00d71) en turnos de 7 o 14 d\u00edas, seg\u00fan la organizaci\u00f3n de cada base.<\/li>\n\n\n\n<li>N\u00e1utica: D\u00eda completo de servicio por un d\u00eda de descanso (1\u00d71) en turnos que cubren viernes, s\u00e1bados, domingos y feriados.<\/li>\n<\/ul>\n\n\n\n<p>Durante la duraci\u00f3n de la contrataci\u00f3n, los honorarios se ajustar\u00e1n en funci\u00f3n de lo que determine el Poder Ejecutivo respecto de los contratos de la Administraci\u00f3n P\u00fablica Provincial.<\/p>\n\n\n\n<h3 class=\"wp-block-heading\">Inscripci\u00f3n simple<\/h3>\n\n\n\n<p>Cada postulante deber\u00e1, al realizar la inscripci\u00f3n, completar un formulario sobre formaci\u00f3n acad\u00e9mica, idiomas, capacitaciones espec\u00edficas en curso, como primeros auxilios, medicina de monta\u00f1a y experiencia de trabajo en temporadas anteriores y voluntariados.<\/p>\n\n\n\n<p>Adem\u00e1s, deber\u00e1n adjuntar la siguiente documentaci\u00f3n:<\/p>\n\n\n\n<ul>\n<li>Copia del documento de identidad del postulante, de ambos lados.<\/li>\n\n\n\n<li>Copia de t\u00edtulo\/s estudios y\/o cursos realizados.<\/li>\n\n\n\n<li>Certificado de estudios de idiomas. El conocimiento de idioma ingl\u00e9s es excluyente para Informadores tur\u00edsticos.<\/li>\n\n\n\n<li>Declaraci\u00f3n Jurada de Conocimiento de las bases y Condiciones completa y firmada (Anexo I).<\/li>\n\n\n\n<li>Carnet de conducir, en caso de corresponder, no excluyente.<\/li>\n\n\n\n<li>Curr\u00edculum Vitae.<\/li>\n<\/ul>\n\n\n\n<p>El postulante deber\u00e1 indicar una zona de trabajo de preferencia, aunque la autoridad de aplicaci\u00f3n podr\u00e1 designar y redistribuir al personal en funci\u00f3n de las necesidades de servicios.<\/p>\n\n\n\n<p>Las personas interesadas en inscribirse deben ingresar\u00a0en: www.mendoza.gov.ar\/areasprotegidas\/convocatoria-publica-contratos-de-servicios-temporada-2024-2025<\/p>\n\n\n\n<p><strong>Fuente: www.diariouno.com.ar<\/strong><\/p>\n","protected":false},"excerpt":{"rendered":"<p>El Ministerio de Energ\u00eda y Ambiente de Mendoza tiene abierta la\u00a0convocatoria p\u00fablica para\u00a0contratos de servicios temporarios en \u00c1reas Naturales Protegidas, Plan Provincial de Manejo del Fuego y N\u00e1utica. Se trata de\u00a0105 puestos de trabajo\u00a0y la solicitudes se recibir\u00e1n hasta el 30 de agosto. Pueden presentarse todos los que deseen prestar servicios en estas \u00e1reas para [&hellip;]<\/p>\n","protected":false},"author":2,"featured_media":8909,"comment_status":"open","ping_status":"open","sticky":false,"template":"","format":"standard","meta":[],"categories":[94],"tags":[],"_links":{"self":[{"href":"https:\/\/pasaenmendoza.com\/index.php?rest_route=\/wp\/v2\/posts\/8908"}],"collection":[{"href":"https:\/\/pasaenmendoza.com\/index.php?rest_route=\/wp\/v2\/posts"}],"about":[{"href":"https:\/\/pasaenmendoza.com\/index.php?rest_route=\/wp\/v2\/types\/post"}],"author":[{"embeddable":true,"href":"https:\/\/pasaenmendoza.com\/index.php?rest_route=\/wp\/v2\/users\/2"}],"replies":[{"embeddable":true,"href":"https:\/\/pasaenmendoza.com\/index.php?rest_route=%2Fwp%2Fv2%2Fcomments&post=8908"}],"version-history":[{"count":1,"href":"https:\/\/pasaenmendoza.com\/index.php?rest_route=\/wp\/v2\/posts\/8908\/revisions"}],"predecessor-version":[{"id":8910,"href":"https:\/\/pasaenmendoza.com\/index.php?rest_route=\/wp\/v2\/posts\/8908\/revisions\/8910"}],"wp:featuredmedia":[{"embeddable":true,"href":"https:\/\/pasaenmendoza.com\/index.php?rest_route=\/wp\/v2\/media\/8909"}],"wp:attachment":[{"href":"https:\/\/pasaenmendoza.com\/index.php?rest_route=%2Fwp%2Fv2%2Fmedia&parent=8908"}],"wp:term":[{"taxonomy":"category","embeddable":true,"href":"https:\/\/pasaenmendoza.com\/index.php?rest_route=%2Fwp%2Fv2%2Fcategories&post=8908"},{"taxonomy":"post_tag","embeddable":true,"href":"https:\/\/pasaenmendoza.com\/index.php?rest_route=%2Fwp%2Fv2%2Ftags&post=8908"}],"curies":[{"name":"wp","href":"https:\/\/api.w.org\/{rel}","templated":true}]}}