{"id":891,"date":"2023-08-23T17:37:14","date_gmt":"2023-08-23T15:37:14","guid":{"rendered":"https:\/\/pasaenmendoza.com\/?p=891"},"modified":"2023-08-23T17:37:15","modified_gmt":"2023-08-23T15:37:15","slug":"cornejo-quiere-una-alianza-con-poggi-para-mejorar-la-zona-limite-entre-mendoza-y-san-luis","status":"publish","type":"post","link":"https:\/\/pasaenmendoza.com\/?p=891","title":{"rendered":"Cornejo quiere una alianza con Poggi para mejorar la zona l\u00edmite entre Mendoza y San Luis"},"content":{"rendered":"\n<p><strong>Alfredo Cornejo<\/strong>&nbsp;y el gobernador electo de San Luis,&nbsp;<strong>Claudio Poggi<\/strong>, participaron en el departamento de&nbsp;<strong>La Paz<\/strong>&nbsp;de un encuentro convocado por el candidato a intendente Ramiro Blanco. El senador nacional y candidato a gobernador por&nbsp;<strong>Cambia Mendoza&nbsp;<\/strong>dijo que es \u201c<em>imprescindible en esta zona una alianza con Claudio y con la provincia de San Luis<\/em>\u201d para dotar de luz y gas a Desaguadero, la zona lim\u00edtrofe entre ambas provincias.<\/p>\n\n\n\n<p>\u201cVenimos a sellar un acuerdo de hermandad con la provincia de San Luis que repercute en esta regi\u00f3n pero que es bueno para la Argentina\u201d, puntualiz\u00f3.<\/p>\n\n\n\n<p>Cornejo sostuvo que \u201ctrabajando con Claudio nos animamos a la Ruta 7, a todo lo que le falta a la ruta 7 y al principal corredor bioce\u00e1nico por el que pasa la riqueza de buena parte del Mercosur para irse por los puertos del Pac\u00edfico. A restablecer lo que fue en anta\u00f1o, todo lo que tiene esa ruta que tiene mucho para darle a los visitantes y transportistas\u201d.<\/p>\n\n\n\n<p>El senador radical ponder\u00f3 la figura del electo gobernador puntano al se\u00f1alar que \u201cpele\u00f3 contra el aparato pol\u00edtico de su provincia\u201d.<\/p>\n\n\n\n<p>\u201cQu\u00e9 no le hicieron a Claudio Poggi para meterle zancadillas en todo este tiempo y qu\u00e9 no le hacen a Ramiro Blanco para ponerle palos en la rueda para que no llegue al poder pol\u00edtico de La Paz\u201d, se\u00f1al\u00f3<\/p>\n\n\n\n<p>Por su parte, Poggi afirm\u00f3 que \u201chay much\u00edsimas cosas por hacer juntos\u201d, en relaci\u00f3n a los proyectos que pueden llevarse adelante desde Cuyo, con gobernadores afines. \u201cAlfredo va a ser el gobernador electo de Mendoza, Marcelo Orrego en San Juan, y quien les habla en San Luis. Todos a partir de diciembre vamos a trabajar en conjunto\u201d.<\/p>\n\n\n\n<p>\u201cPara generar trabajo, tenemos que generar trabajo en Cuyo, generar oportunidades. Tenemos que crear las condiciones para que el sector privado crezca y pueda generar trabajo genuino. Que nuestros j\u00f3venes no se nos vayan, que encuentren sus oportunidades en su regi\u00f3n. Eso lo podemos hacer, much\u00edsimas cosas podemos hacer. Lo que mencion\u00f3 Alfredo, el gas natural, un sue\u00f1o, pero totalmente posible\u201d, afirm\u00f3<\/p>\n\n\n\n<p><strong>Fuente: www.elsol.com.ar<\/strong><\/p>\n","protected":false},"excerpt":{"rendered":"<p>Alfredo Cornejo&nbsp;y el gobernador electo de San Luis,&nbsp;Claudio Poggi, participaron en el departamento de&nbsp;La Paz&nbsp;de un encuentro convocado por el candidato a intendente Ramiro Blanco. El senador nacional y candidato a gobernador por&nbsp;Cambia Mendoza&nbsp;dijo que es \u201cimprescindible en esta zona una alianza con Claudio y con la provincia de San Luis\u201d para dotar de luz [&hellip;]<\/p>\n","protected":false},"author":2,"featured_media":893,"comment_status":"open","ping_status":"open","sticky":false,"template":"","format":"standard","meta":[],"categories":[47],"tags":[],"_links":{"self":[{"href":"https:\/\/pasaenmendoza.com\/index.php?rest_route=\/wp\/v2\/posts\/891"}],"collection":[{"href":"https:\/\/pasaenmendoza.com\/index.php?rest_route=\/wp\/v2\/posts"}],"about":[{"href":"https:\/\/pasaenmendoza.com\/index.php?rest_route=\/wp\/v2\/types\/post"}],"author":[{"embeddable":true,"href":"https:\/\/pasaenmendoza.com\/index.php?rest_route=\/wp\/v2\/users\/2"}],"replies":[{"embeddable":true,"href":"https:\/\/pasaenmendoza.com\/index.php?rest_route=%2Fwp%2Fv2%2Fcomments&post=891"}],"version-history":[{"count":1,"href":"https:\/\/pasaenmendoza.com\/index.php?rest_route=\/wp\/v2\/posts\/891\/revisions"}],"predecessor-version":[{"id":892,"href":"https:\/\/pasaenmendoza.com\/index.php?rest_route=\/wp\/v2\/posts\/891\/revisions\/892"}],"wp:featuredmedia":[{"embeddable":true,"href":"https:\/\/pasaenmendoza.com\/index.php?rest_route=\/wp\/v2\/media\/893"}],"wp:attachment":[{"href":"https:\/\/pasaenmendoza.com\/index.php?rest_route=%2Fwp%2Fv2%2Fmedia&parent=891"}],"wp:term":[{"taxonomy":"category","embeddable":true,"href":"https:\/\/pasaenmendoza.com\/index.php?rest_route=%2Fwp%2Fv2%2Fcategories&post=891"},{"taxonomy":"post_tag","embeddable":true,"href":"https:\/\/pasaenmendoza.com\/index.php?rest_route=%2Fwp%2Fv2%2Ftags&post=891"}],"curies":[{"name":"wp","href":"https:\/\/api.w.org\/{rel}","templated":true}]}}