{"id":8911,"date":"2024-08-13T23:12:53","date_gmt":"2024-08-13T21:12:53","guid":{"rendered":"https:\/\/pasaenmendoza.com\/?p=8911"},"modified":"2024-08-13T23:12:55","modified_gmt":"2024-08-13T21:12:55","slug":"la-oferta-de-alquileres-de-casas-en-mendoza-aumento-el-360-desde-diciembre","status":"publish","type":"post","link":"https:\/\/pasaenmendoza.com\/?p=8911","title":{"rendered":"La oferta de alquileres de casas en Mendoza aument\u00f3 el 360% desde diciembre"},"content":{"rendered":"\n<p>La\u00a0<strong>oferta de\u00a0alquileres\u00a0en Mendoza<\/strong>\u00a0aument\u00f3 considerablemente: 360% en casas y 320% en departamentos, en comparaci\u00f3n con diciembre pasado, cuando el DNU del presidente Javier Milei derog\u00f3 la<strong>\u00a0Ley de Alquileres<\/strong>, inform\u00f3 Eduardo Rosta, presidente del Colegio de Corredores P\u00fablicos Inmobiliarios.<\/p>\n\n\n\n<p>Para Rosta el aumento se explica por dos factores. El primero es la&nbsp;<strong>mayor flexibilidad en la negociaci\u00f3n de los contratos<\/strong>&nbsp;entre propietarios e inquilinos. Tras la derogaci\u00f3n de la norma que regulaba los contratos de locaci\u00f3n, las partes pueden acordar aspectos como la duraci\u00f3n de la locaci\u00f3n, el \u00edndice de ajuste y la periodicidad de las actualizaciones, lo que ha generado contratos &#8220;mucho m\u00e1s flexibles y conversados&#8221;.<\/p>\n\n\n\n<p>El segundo factor es la posibilidad de que los\u00a0<strong>propietarios vendan sus inmuebles mientras est\u00e1n alquilados<\/strong>, con dos opciones consensuadas con el locatario. En un caso, la vivienda puede ser vendida a un inversor, manteni\u00e9ndose vigente la locaci\u00f3n.<\/p>\n\n\n\n<p>En el otro, si el comprador busca el inmueble para casa propia, el contrato puede incluir una cl\u00e1usula que permita al inquilino recibir una indemnizaci\u00f3n, que podr\u00eda ser de tres meses de alquiler, incluyendo los gastos necesarios para realizar la mudanza.<\/p>\n\n\n\n<h2 class=\"wp-block-heading\">Bajaron los precios de los alquileres en Mendoza<\/h2>\n\n\n\n<p>Otro de los fen\u00f3menos que observa el titular de esta asociaci\u00f3n es que, por un lado,&nbsp;<strong>los precios de los alquileres han ido bajando en Mendoza<\/strong>&nbsp;y, por otro, que los contratos que se celebraron a partir de diciembre, con la Ley de Alquileres ya derogada, y que ya cumplieron el tiempo de actualizaci\u00f3n del precio, se est\u00e1n renegociando para adecuarlos a los valores de mercados.<\/p>\n\n\n\n<p>&#8220;Nos estamos viendo obligados a sentarnos a renegociar valores y ver si los incrementos los postergamos 6 meses m\u00e1s o bien negociamos un valor m\u00e1s razonable de acuerdo al mercado para que los inquilinos se queden. Actualmente quien alquila tiene<strong>\u00a0capacidad de negociaci\u00f3n<\/strong>&#8220;, asegur\u00f3.<\/p>\n\n\n\n<p>Con respecto al&nbsp;<strong>futuro del mercado inmobiliario<\/strong>&nbsp;para aquellos que alquilen, explic\u00f3 que es favorable, y remarc\u00f3 que en la actualidad quienes buscan un lugar para vivir tienen un abanico m\u00e1s amplio de oferta. &#8220;Esto les permite elegir la zona donde quieren vivir y encontrar una oferta acorde, lo cual no suced\u00eda en a\u00f1os anteriores, cuando la falta de opciones obligaba a cerrar contratos de manera apresurada&#8221;, explic\u00f3<\/p>\n\n\n\n<h2 class=\"wp-block-heading\">La mayor\u00eda de los contratos se celebran por dos a\u00f1os<\/h2>\n\n\n\n<p>El presidente del\u00a0<strong>Colegio de Corredores P\u00fablicos Inmobiliarios de Mendoza<\/strong>, Eduardo Rosta, destac\u00f3 que los contratos de alquiler se est\u00e1n firmando con una\u00a0<strong>duraci\u00f3n\u00a0<\/strong>de dos a\u00f1os, y con\u00a0<strong>ajustes\u00a0<\/strong>que son mayormente cuatrimestrales o semestrales. En general, se pacta la actualizaci\u00f3n con\u00a0<strong>\u00edndices\u00a0<\/strong>como el \u00cdndice para Contratos de Locaci\u00f3n (ICL), el \u00cdndice de Precios al Consumidor (IPC) o el Coeficiente Casa Propia.<\/p>\n\n\n\n<p>Rosta desliz\u00f3 que en el mercado se est\u00e1n presentando dos situaciones en relaci\u00f3n con la&nbsp;<strong>renegociaci\u00f3n de los \u00edndices de actualizaci\u00f3n<\/strong>. En casos de conflicto, se respeta el acordado originalmente en el contrato. Sin embargo, cuando ambas partes -inquilino y propietario- est\u00e1n de acuerdo, renegocian el \u00edndice.<\/p>\n\n\n\n<h2 class=\"wp-block-heading\">\u00bfQu\u00e9 pasa con la obligaci\u00f3n de registrar en AFIP el alquiler?<\/h2>\n\n\n\n<p>Eduardo Rosta se refiri\u00f3 a la resoluci\u00f3n general 5.545\/2024 de AFIP que se public\u00f3 este lunes en el Bolet\u00edn Oficial que elimina la obligaci\u00f3n de registrar los<strong>&nbsp;contratos de alquileres<\/strong>&nbsp;de inmuebles urbanos y rurales.<\/p>\n\n\n\n<p>Al respecto, aclar\u00f3 que &#8220;quienes quieran acceder a los beneficios impositivos como la desgrabaci\u00f3n del Impuesto a las Ganancias o impuestos de d\u00e9bito y cr\u00e9dito u otros beneficios fiscales, lo van a tener que hacer&#8221;.<\/p>\n\n\n\n<p>&#8220;Lo que tiene de positivo en este caso es que se simplifican los tr\u00e1mites que se realizan frente a las distintas reparticiones, excepto para aquellos que quieran acceder a los beneficios mencionados&#8221;, concluy\u00f3.<\/p>\n\n\n\n<p><strong>Fuente: www.diariouno.com.ar<\/strong><\/p>\n","protected":false},"excerpt":{"rendered":"<p>La\u00a0oferta de\u00a0alquileres\u00a0en Mendoza\u00a0aument\u00f3 considerablemente: 360% en casas y 320% en departamentos, en comparaci\u00f3n con diciembre pasado, cuando el DNU del presidente Javier Milei derog\u00f3 la\u00a0Ley de Alquileres, inform\u00f3 Eduardo Rosta, presidente del Colegio de Corredores P\u00fablicos Inmobiliarios. Para Rosta el aumento se explica por dos factores. El primero es la&nbsp;mayor flexibilidad en la negociaci\u00f3n de [&hellip;]<\/p>\n","protected":false},"author":2,"featured_media":8912,"comment_status":"open","ping_status":"open","sticky":false,"template":"","format":"standard","meta":[],"categories":[69],"tags":[],"_links":{"self":[{"href":"https:\/\/pasaenmendoza.com\/index.php?rest_route=\/wp\/v2\/posts\/8911"}],"collection":[{"href":"https:\/\/pasaenmendoza.com\/index.php?rest_route=\/wp\/v2\/posts"}],"about":[{"href":"https:\/\/pasaenmendoza.com\/index.php?rest_route=\/wp\/v2\/types\/post"}],"author":[{"embeddable":true,"href":"https:\/\/pasaenmendoza.com\/index.php?rest_route=\/wp\/v2\/users\/2"}],"replies":[{"embeddable":true,"href":"https:\/\/pasaenmendoza.com\/index.php?rest_route=%2Fwp%2Fv2%2Fcomments&post=8911"}],"version-history":[{"count":1,"href":"https:\/\/pasaenmendoza.com\/index.php?rest_route=\/wp\/v2\/posts\/8911\/revisions"}],"predecessor-version":[{"id":8913,"href":"https:\/\/pasaenmendoza.com\/index.php?rest_route=\/wp\/v2\/posts\/8911\/revisions\/8913"}],"wp:featuredmedia":[{"embeddable":true,"href":"https:\/\/pasaenmendoza.com\/index.php?rest_route=\/wp\/v2\/media\/8912"}],"wp:attachment":[{"href":"https:\/\/pasaenmendoza.com\/index.php?rest_route=%2Fwp%2Fv2%2Fmedia&parent=8911"}],"wp:term":[{"taxonomy":"category","embeddable":true,"href":"https:\/\/pasaenmendoza.com\/index.php?rest_route=%2Fwp%2Fv2%2Fcategories&post=8911"},{"taxonomy":"post_tag","embeddable":true,"href":"https:\/\/pasaenmendoza.com\/index.php?rest_route=%2Fwp%2Fv2%2Ftags&post=8911"}],"curies":[{"name":"wp","href":"https:\/\/api.w.org\/{rel}","templated":true}]}}