{"id":8914,"date":"2024-08-13T23:17:37","date_gmt":"2024-08-13T21:17:37","guid":{"rendered":"https:\/\/pasaenmendoza.com\/?p=8914"},"modified":"2024-08-13T23:17:38","modified_gmt":"2024-08-13T21:17:38","slug":"godoy-cruz-invertira-168-millones-para-dar-400-bicicletas-a-los-mejores-estudiantes-de-escuelas-secundarias","status":"publish","type":"post","link":"https:\/\/pasaenmendoza.com\/?p=8914","title":{"rendered":"Godoy Cruz invertir\u00e1 $168 millones para dar 400 bicicletas a los mejores estudiantes de escuelas secundarias"},"content":{"rendered":"\n<p>Por octavo a\u00f1o consecutivo, el municipio de Godoy Cruz comprar\u00e1\u00a0<strong>400 bicicletas<\/strong>\u00a0para repartirlas entre los mejores estudiantes de\u00a0<strong>escuelas\u00a0<\/strong>secundarias, p\u00fablicas y privadas, del departamento. Por ello este lunes llam\u00f3 a licitaci\u00f3n para adquirir esas bicis por un total de\u00a0<strong>$168.000.000<\/strong>.<\/p>\n\n\n\n<p>El beneficio llegar\u00e1 a abanderados y escoltas nacionales y provinciales de todas las escuelas secundarias de Godoy Cruz, as\u00ed como a los de los Centros Educativos de Nivel Secundario (CENS) y los Centros de Educaci\u00f3n B\u00e1sica para J\u00f3venes y Adultos (CEBJA). En su octava edici\u00f3n, este a\u00f1o sum\u00f3 a los mejores promedios de\u00a0<strong>escuelas especiales o de integraci\u00f3n.<\/strong><\/p>\n\n\n\n<p>Est\u00e1n contemplados, asimismo, establecimientos con orientaciones o t\u00e9cnicos. El formulario para participar ya fue enviado a principios de julio a todas las escuelas secundarias del departamento, y el equipo directivo de cada instituci\u00f3n educativa se ocup\u00f3 de&nbsp;<strong>cargar toda la documentaci\u00f3n<\/strong>&nbsp;de sus abanderados y escoltas nacionales y provinciales para inscribir a los beneficiarios.<\/p>\n\n\n\n<p>Desde el \u00e1rea de Escriban\u00eda del municipio se entregar\u00e1 luego el cup\u00f3n con el que cada estudiante podr\u00e1 retirar su bici el d\u00eda que se realice el acto de entrega. La fecha est\u00e1 prevista para\u00a0<strong>fines de septiembre.<\/strong><\/p>\n\n\n\n<p>Daniela Orellana, directora de Educaci\u00f3n y Capacitaci\u00f3n Laboral de Godoy Cruz, explic\u00f3 que justamente se elige ese mes para la entrega de bicis porque &#8220;es cerca del D\u00eda del Estudiante, es un mes dedicado a los&nbsp;<strong>estudiantes<\/strong>&#8220;. Y agreg\u00f3 que este programa municipal &#8220;est\u00e1 bueno para motivar a que si uno se esfuerza y es comprometido, tiene su premio; as\u00ed como seguir acompa\u00f1ando la pol\u00edtica sustentable del departamento e incentivar la&nbsp;<strong>vida saludable<\/strong>&#8220;.<\/p>\n\n\n\n<p>Desde la Municipalidad de Godoy Cruz tambi\u00e9n remarcaron que la idea es distinguir a quienes se esfuerzan por llegar a la meta y obtener su t\u00edtulo secundario: &#8220;No solo se premia el compromiso sino tambi\u00e9n a quienes hayan decidido\u00a0<strong>terminar con sus estudios<\/strong>&#8220;. Y aclararon que quienes tienen una discapacidad (deben presentar el Certificado \u00danico de Discapacidad, CUD) podr\u00e1n optar por\u00a0<strong>una bicicleta o una tablet<\/strong>.<\/p>\n\n\n\n<h2 class=\"wp-block-heading\">Casi 2.000 bicicletas entregadas en 8 a\u00f1os<\/h2>\n\n\n\n<p>El prop\u00f3sito de esta iniciativa municipal -que hoy tiene al mando al intendente Diego Costarelli (UCR)- es &#8220;premiar el esfuerzo, fomentar la movilidad sustentable e incentivar la&nbsp;<strong>actividad f\u00edsica<\/strong>&#8220;.<\/p>\n\n\n\n<p>Unos&nbsp;<strong>310 alumnos<\/strong>&nbsp;godoycruce\u00f1os se vieron beneficiados el a\u00f1o pasado, recibiendo su bici en un acto multitudinario que siempre organiza el municipio. En esta edici\u00f3n 2024 calculan sumar unos&nbsp;<strong>90 estudiantes<\/strong>. Y con esto se les otorgar\u00e1 tambi\u00e9n un reconocimiento al m\u00e9rito de estos mejores promedios de las escuelas.<\/p>\n\n\n\n<p>El n\u00famero de estudiantes va creciendo a\u00f1o a a\u00f1o. En total, desde que se estren\u00f3 el programa en 2017 ya van\u00a0<strong>casi 2.000 bicicletas<\/strong>\u00a0entregadas a j\u00f3venes abanderados o escoltas del secundario, sea de colegios p\u00fablicos como de administraci\u00f3n privada. Y ahora se extender\u00e1 a escuelas de integraci\u00f3n o especiales.<\/p>\n\n\n\n<p>En este sentido, Daniela Orellana como responsable del programa, destac\u00f3 que las bicis lleguen a todos por igual, atravesando las diferentes clases sociales. &#8220;Al abarcar escuelas p\u00fablicas y privadas del departamento,&nbsp;<strong>el programa es transversal<\/strong>&#8220;, expres\u00f3.<\/p>\n\n\n\n<p>El departamento de Godoy Cruz cuenta con unos 70 kil\u00f3metros de\u00a0<strong>ciclov\u00edas<\/strong>, y programas como este se enmarcan en las pol\u00edticas de sustentabilidad que aplica el municipio desde diferentes \u00e1reas.<\/p>\n\n\n\n<p><strong>Fuente: www.diariouno.com.ar<\/strong><\/p>\n","protected":false},"excerpt":{"rendered":"<p>Por octavo a\u00f1o consecutivo, el municipio de Godoy Cruz comprar\u00e1\u00a0400 bicicletas\u00a0para repartirlas entre los mejores estudiantes de\u00a0escuelas\u00a0secundarias, p\u00fablicas y privadas, del departamento. Por ello este lunes llam\u00f3 a licitaci\u00f3n para adquirir esas bicis por un total de\u00a0$168.000.000. El beneficio llegar\u00e1 a abanderados y escoltas nacionales y provinciales de todas las escuelas secundarias de Godoy Cruz, [&hellip;]<\/p>\n","protected":false},"author":2,"featured_media":8915,"comment_status":"open","ping_status":"open","sticky":false,"template":"","format":"standard","meta":[],"categories":[56],"tags":[],"_links":{"self":[{"href":"https:\/\/pasaenmendoza.com\/index.php?rest_route=\/wp\/v2\/posts\/8914"}],"collection":[{"href":"https:\/\/pasaenmendoza.com\/index.php?rest_route=\/wp\/v2\/posts"}],"about":[{"href":"https:\/\/pasaenmendoza.com\/index.php?rest_route=\/wp\/v2\/types\/post"}],"author":[{"embeddable":true,"href":"https:\/\/pasaenmendoza.com\/index.php?rest_route=\/wp\/v2\/users\/2"}],"replies":[{"embeddable":true,"href":"https:\/\/pasaenmendoza.com\/index.php?rest_route=%2Fwp%2Fv2%2Fcomments&post=8914"}],"version-history":[{"count":1,"href":"https:\/\/pasaenmendoza.com\/index.php?rest_route=\/wp\/v2\/posts\/8914\/revisions"}],"predecessor-version":[{"id":8916,"href":"https:\/\/pasaenmendoza.com\/index.php?rest_route=\/wp\/v2\/posts\/8914\/revisions\/8916"}],"wp:featuredmedia":[{"embeddable":true,"href":"https:\/\/pasaenmendoza.com\/index.php?rest_route=\/wp\/v2\/media\/8915"}],"wp:attachment":[{"href":"https:\/\/pasaenmendoza.com\/index.php?rest_route=%2Fwp%2Fv2%2Fmedia&parent=8914"}],"wp:term":[{"taxonomy":"category","embeddable":true,"href":"https:\/\/pasaenmendoza.com\/index.php?rest_route=%2Fwp%2Fv2%2Fcategories&post=8914"},{"taxonomy":"post_tag","embeddable":true,"href":"https:\/\/pasaenmendoza.com\/index.php?rest_route=%2Fwp%2Fv2%2Ftags&post=8914"}],"curies":[{"name":"wp","href":"https:\/\/api.w.org\/{rel}","templated":true}]}}