{"id":8920,"date":"2024-08-13T23:33:07","date_gmt":"2024-08-13T21:33:07","guid":{"rendered":"https:\/\/pasaenmendoza.com\/?p=8920"},"modified":"2024-08-13T23:33:08","modified_gmt":"2024-08-13T21:33:08","slug":"investigan-un-crimen-tenia-un-balazo-el-hombre-que-hallaron-muerto-tras-un-incendio-en-maipu","status":"publish","type":"post","link":"https:\/\/pasaenmendoza.com\/?p=8920","title":{"rendered":"Investigan un crimen: ten\u00eda un balazo el hombre que hallaron muerto tras un incendio en Maip\u00fa"},"content":{"rendered":"\n<p>La novedad ingres\u00f3 al<strong>&nbsp;Centro Estrat\u00e9gico de Operaciones (CEO)&nbsp;<\/strong>pasadas las 19.20 del s\u00e1bado. Un testigo advirti\u00f3 sobre un incendio en un domicilio de calle Videla Aranda al 1600 de Maip\u00fa y pidi\u00f3 por ayuda. Cuando llegaron las primeras movilidades policiales y de bomberos voluntarios del departamento,&nbsp;<mark>confirmaron que el fuego hab\u00eda tomado un sector de la propiedad y que un hombre se encontraba sin vida en el interior.<\/mark>&nbsp;Luego llegaron uniformados del Cuartel Central y realizaron tareas de enfriamiento.<\/p>\n\n\n\n<p>Lo que inicialmente parec\u00eda un caso de muerte por inhalaci\u00f3n de mon\u00f3xido de carbono y quemaduras producto del inicio del fuego, present\u00f3 un giro de 180 grados en las \u00faltimas horas, cuando desde el Cuerpo M\u00e9dico Forense confirmaron a la fiscal de la causa, Claudia Alejandra R\u00edos, que&nbsp;<strong>la v\u00edctima ten\u00eda un disparo en la cabeza.<\/strong><\/p>\n\n\n\n<p>Para los investigadores policiales y judiciales,\u00a0<strong>se trat\u00f3 de un asesinato y comenzaron a profundizar en la causa con la declaraci\u00f3n de testigos y an\u00e1lisis de c\u00e1maras de seguridad de la zona<\/strong>, con el objetivo de conocer qui\u00e9nes fueron los autores del hecho.\u00a0<strong>Polic\u00eda Cient\u00edfica<\/strong>\u00a0tambi\u00e9n trabaj\u00f3 en el teatro del hecho luego de retirado el cuerpo y levant\u00f3 algunos indicios para ser analizados.<\/p>\n\n\n\n<p>La v\u00edctima fue identificada como\u00a0<strong>Eduardo Bert\u00f3n<\/strong>, de 82 a\u00f1os, revelaron testigos que estaban presentes en la escena, cuando se iniciaron las primeras labores para controlar el fuego. Minutos despu\u00e9s de las 20, en el lugar se vivieron momentos de tensi\u00f3n.<\/p>\n\n\n\n<p>Los pesquisas no ten\u00edan en claro el m\u00f3vil del ataque, debido a que encontraron dinero en efectivo (11.000 d\u00f3lares) y otros bienes en la propiedad, pero no descartaron un hecho de inseguridad. En la escena encontraron un arma de fuego (ser\u00eda propiedad de la v\u00edctima) tipo escopeta e iba a ser peritada para avanzar en el caso.<\/p>\n\n\n\n<p>Por \u00faltimo, concluyeron que&nbsp;<strong>Bert\u00f3n pudo haber sufrido un ataque f\u00edsico y luego los autores, que ser\u00edan dos, le dispararon a corta distancia y prendieron fuego el domicilio (la habitaci\u00f3n donde se encontraba) para borrar alg\u00fan tipo de prueba<\/strong>. Debido a esto, los trabajos investigativos iban a continuar en las pr\u00f3ximas horas.<\/p>\n\n\n\n<p><strong>Fuente: www.elsol.com.ar<\/strong><\/p>\n","protected":false},"excerpt":{"rendered":"<p>La novedad ingres\u00f3 al&nbsp;Centro Estrat\u00e9gico de Operaciones (CEO)&nbsp;pasadas las 19.20 del s\u00e1bado. Un testigo advirti\u00f3 sobre un incendio en un domicilio de calle Videla Aranda al 1600 de Maip\u00fa y pidi\u00f3 por ayuda. Cuando llegaron las primeras movilidades policiales y de bomberos voluntarios del departamento,&nbsp;confirmaron que el fuego hab\u00eda tomado un sector de la propiedad [&hellip;]<\/p>\n","protected":false},"author":2,"featured_media":8921,"comment_status":"open","ping_status":"open","sticky":false,"template":"","format":"standard","meta":[],"categories":[48],"tags":[],"_links":{"self":[{"href":"https:\/\/pasaenmendoza.com\/index.php?rest_route=\/wp\/v2\/posts\/8920"}],"collection":[{"href":"https:\/\/pasaenmendoza.com\/index.php?rest_route=\/wp\/v2\/posts"}],"about":[{"href":"https:\/\/pasaenmendoza.com\/index.php?rest_route=\/wp\/v2\/types\/post"}],"author":[{"embeddable":true,"href":"https:\/\/pasaenmendoza.com\/index.php?rest_route=\/wp\/v2\/users\/2"}],"replies":[{"embeddable":true,"href":"https:\/\/pasaenmendoza.com\/index.php?rest_route=%2Fwp%2Fv2%2Fcomments&post=8920"}],"version-history":[{"count":1,"href":"https:\/\/pasaenmendoza.com\/index.php?rest_route=\/wp\/v2\/posts\/8920\/revisions"}],"predecessor-version":[{"id":8922,"href":"https:\/\/pasaenmendoza.com\/index.php?rest_route=\/wp\/v2\/posts\/8920\/revisions\/8922"}],"wp:featuredmedia":[{"embeddable":true,"href":"https:\/\/pasaenmendoza.com\/index.php?rest_route=\/wp\/v2\/media\/8921"}],"wp:attachment":[{"href":"https:\/\/pasaenmendoza.com\/index.php?rest_route=%2Fwp%2Fv2%2Fmedia&parent=8920"}],"wp:term":[{"taxonomy":"category","embeddable":true,"href":"https:\/\/pasaenmendoza.com\/index.php?rest_route=%2Fwp%2Fv2%2Fcategories&post=8920"},{"taxonomy":"post_tag","embeddable":true,"href":"https:\/\/pasaenmendoza.com\/index.php?rest_route=%2Fwp%2Fv2%2Ftags&post=8920"}],"curies":[{"name":"wp","href":"https:\/\/api.w.org\/{rel}","templated":true}]}}