{"id":8923,"date":"2024-08-14T23:40:41","date_gmt":"2024-08-14T21:40:41","guid":{"rendered":"https:\/\/pasaenmendoza.com\/?p=8923"},"modified":"2024-08-14T23:40:42","modified_gmt":"2024-08-14T21:40:42","slug":"el-pj-repudio-a-alberto-fernandez-tras-la-denuncia-de-violencia-de-genero-que-hizo-fabiola-yanez","status":"publish","type":"post","link":"https:\/\/pasaenmendoza.com\/?p=8923","title":{"rendered":"El PJ repudi\u00f3 a Alberto Fern\u00e1ndez tras la denuncia de violencia de g\u00e9nero que hizo Fabiola Ya\u00f1ez"},"content":{"rendered":"\n<p>Despu\u00e9s de una semana de silencio, el\u00a0<strong>Partido Justicialista\u00a0de Mendoza<\/strong>\u00a0emiti\u00f3 este martes un comunicado donde calific\u00f3 de &#8220;lamentables&#8221; y &#8220;repudiables&#8221; los hechos de violencia de g\u00e9nero denunciados por la ex primera dama,\u00a0<strong>Fabiola Ya\u00f1ez<\/strong>, el pasado 6 de agosto, contra el actual presidente del peronismo nacional,\u00a0<strong>Alberto Fern\u00e1ndez<\/strong>.<\/p>\n\n\n\n<p>&#8220;En este como en todos los casos manifestamos nuestra&nbsp;<strong>solidaridad con la v\u00edctima<\/strong>&nbsp;y reafirmamos la necesidad de darle acompa\u00f1amiento a ella y a todas las mujeres que padecen este flagelo a lo largo y a lo ancho del pa\u00eds, violencia que tiene diferentes modalidades y se hace presente en diversos \u00e1mbitos de la vida de las mujeres&#8221;, expres\u00f3 el partido que conduce la intendenta de Santa Rosa,<strong>&nbsp;Flor Dest\u00e9fanis<\/strong>.<\/p>\n\n\n\n<p>Recordaron a Evita, primera dama en el gobierno de Juan Domingo Per\u00f3n: &#8220;Como ense\u00f1\u00f3 Evita, el peronismo es la doctrina que busca la felicidad del pueblo, el sufrimiento de todas las mujeres que sufren violencia de g\u00e9nero seguir\u00e1 siendo un argumento inapelable para trabajar y reclamar pol\u00edticas p\u00fablicas que permitan dar ayudas concretas a las mujeres que atraviesan ese tipo de padecimientos&#8221;.<\/p>\n\n\n\n<figure class=\"wp-block-image\"><img decoding=\"async\" src=\"https:\/\/media.diariouno.com.ar\/p\/9c14d1dcfb31bc0bf1becf0b6eebe6d1\/adjuntos\/298\/imagenes\/009\/386\/0009386633\/1200x0\/smart\/comunicado-del-pj-mendocino-alberto-fernandezjfif.jfif\" alt=\"\" title=\"\"\/><\/figure>\n\n\n\n<h2 class=\"wp-block-heading\">El tinte ideol\u00f3gico que el peronismo local incluy\u00f3 en el comunicado<\/h2>\n\n\n\n<p>Luego de algunos p\u00e1rrafos solidariz\u00e1ndose con la presunta v\u00edctima le agregaron un tinte ideol\u00f3gico y culparon a la &#8220;(SIC)&nbsp;<strong>extrema derecha<\/strong>&#8221; de intentar crear un &#8220;nuevo clima de \u00e9poca&#8221; con el objetivo de &#8220;desmoralizar a la&nbsp;<strong>militancia peronista<\/strong>, a trav\u00e9s de la acci\u00f3n organizada y sistem\u00e1tica de los dispositivos de difusi\u00f3n de la extrema derecha y sus aliados&#8221;.<\/p>\n\n\n\n<p>&#8220;La misma extrema derecha que ha negado las&nbsp;<strong>problem\u00e1ticas de g\u00e9nero&nbsp;<\/strong>como un tema fundamental de la vida de las mujeres argentinas y ha promovido la destrucci\u00f3n de cualquier tipo de herramienta institucional para ayudar a las v\u00edctimas de violencia que no tienen atenci\u00f3n medi\u00e1tica, esas mujeres que transitan su padecimiento en soledad y que necesitan de un&nbsp;<strong>Estado&nbsp;<\/strong>que las proteja&#8221;, se explayaron.<\/p>\n\n\n\n<h2 class=\"wp-block-heading\">Fabiola Ya\u00f1ez ratific\u00f3 la denuncia contra Alberto Fern\u00e1ndez: &#8220;Me abofeteaba a diario&#8221;<\/h2>\n\n\n\n<p>La ex primera dama\u00a0<strong>Fabiola Ya\u00f1ez\u00a0ratific\u00f3<\/strong>\u00a0este lunes l<strong>a denuncia contra el ex presidente Alberto Fern\u00e1ndez por violencia de g\u00e9nero<\/strong>\u00a0a trav\u00e9s de la presentaci\u00f3n de un escrito ante la Justicia.<\/p>\n\n\n\n<p>Este martes declar\u00f3 por el espacio de m\u00e1s de 4 horas v\u00eda Zoom. En esta oportunidad, reconoci\u00f3 que comenz\u00f3 a beber tras los episodios de violencia de g\u00e9nero que sufri\u00f3 de manera constante. Y que Fern\u00e1ndez, entre otras cosas, consum\u00eda marihuana y alcohol de manera habitual.<\/p>\n\n\n\n<p>Seg\u00fan detall\u00f3 Ya\u00f1ez, quien solicit\u00f3 adem\u00e1s ser querellante en la causa,<strong>&nbsp;los episodios de violencia iniciaron en 2016&nbsp;<\/strong>y avanzaron en varios planos, no solo el f\u00edsico.<\/p>\n\n\n\n<p>En el escrito al que tuvo acceso TN, sostuvo adem\u00e1s que el &#8220;menosprecio constante&#8221; y el &#8220;hostigamiento&#8221; se perpetuaron durante los meses en los que ella permaneci\u00f3 en Madrid.<\/p>\n\n\n\n<p>Asimismo, detall\u00f3 que el ex presidente<strong>&nbsp;la abofeteaba a diario y denunci\u00f3 adem\u00e1s episodios de &#8220;violencia verbal&#8221;.<\/strong><\/p>\n\n\n\n<p>El documento que lleva su firma certificada y de su abogada, Mariana Gallego, consta de casi 20 p\u00e1ginas en las que profundiza y detalla acerca de las lesiones graves y abuso de autoridad que acusa.<\/p>\n\n\n\n<p>El escrito se present\u00f3 en el consulado de la Argentina en Madrid y se envi\u00f3 de manera virtual al juez federal&nbsp;<strong>Juli\u00e1n Ercolini, y al fiscal Ramiro Gonz\u00e1lez<\/strong>.<\/p>\n\n\n\n<p>La ex primera dama se\u00f1al\u00f3 que el comportamiento de Alberto Fern\u00e1ndez &#8220;era una habitualidad&#8221;, lo que le gener\u00f3 &#8220;indudables secuelas de car\u00e1cter psicol\u00f3gico&#8221;.<\/p>\n\n\n\n<h2 class=\"wp-block-heading\">Alberto Fern\u00e1ndez dio su versi\u00f3n: &#8220;Tuvimos discusiones pero nunca golpe\u00e9 a Fabiola&#8221;<\/h2>\n\n\n\n<p>El ex presidente<strong>\u00a0Alberto Fern\u00e1ndez\u00a0<\/strong>concedi\u00f3 una entrevista al diario espa\u00f1ol\u00a0<em>El Pa\u00eds<\/em>\u00a0para abordar las acusaciones que, sobre violencia de g\u00e9nero, pesan en su contra. El reportaje fue d\u00edas atr\u00e1s pero reci\u00e9n se public\u00f3 este lunes por la noche.<\/p>\n\n\n\n<p>Fern\u00e1ndez neg\u00f3 rotundamente haber golpeado a&nbsp;<strong>Fabiola Ya\u00f1ez,&nbsp;<\/strong>calificando las denuncias como falsas y sugiriendo que &#8220;<strong>alguien la incentiv\u00f3<\/strong>&nbsp;a denunciarlo con otros fines&#8221;.<\/p>\n\n\n\n<p>Durante la entrevista, manifest\u00f3 su incredulidad ante las pruebas presentadas, incluyendo fotograf\u00edas que muestran a Ya\u00f1ez con un ojo morado y un brazo con moretones.<\/p>\n\n\n\n<p>&#8220;Estoy siendo acusado de algo que no he hecho.&nbsp;<strong>No he golpeado a Fabiola. Nunca he golpeado a una mujer&#8221;<\/strong>, afirm\u00f3 el ex mandatario. Adem\u00e1s, agreg\u00f3 que no hab\u00eda tenido acceso al expediente judicial y que esperar\u00e1 a que la justicia resuelva la situaci\u00f3n.<\/p>\n\n\n\n<p>Acompa\u00f1ado por su abogada\u00a0<strong>Mariana Arce<\/strong>, Fern\u00e1ndez subray\u00f3 ante El Pa\u00eds que su relaci\u00f3n con Ya\u00f1ez, durante los cuatro a\u00f1os que convivieron en la residencia presidencial de Olivos, estuvo marcada por peleas constantes.<\/p>\n\n\n\n<p><strong>Fuente: www.diariouno.com.ar<\/strong><\/p>\n","protected":false},"excerpt":{"rendered":"<p>Despu\u00e9s de una semana de silencio, el\u00a0Partido Justicialista\u00a0de Mendoza\u00a0emiti\u00f3 este martes un comunicado donde calific\u00f3 de &#8220;lamentables&#8221; y &#8220;repudiables&#8221; los hechos de violencia de g\u00e9nero denunciados por la ex primera dama,\u00a0Fabiola Ya\u00f1ez, el pasado 6 de agosto, contra el actual presidente del peronismo nacional,\u00a0Alberto Fern\u00e1ndez. &#8220;En este como en todos los casos manifestamos nuestra&nbsp;solidaridad con [&hellip;]<\/p>\n","protected":false},"author":2,"featured_media":8924,"comment_status":"open","ping_status":"open","sticky":false,"template":"","format":"standard","meta":[],"categories":[47],"tags":[],"_links":{"self":[{"href":"https:\/\/pasaenmendoza.com\/index.php?rest_route=\/wp\/v2\/posts\/8923"}],"collection":[{"href":"https:\/\/pasaenmendoza.com\/index.php?rest_route=\/wp\/v2\/posts"}],"about":[{"href":"https:\/\/pasaenmendoza.com\/index.php?rest_route=\/wp\/v2\/types\/post"}],"author":[{"embeddable":true,"href":"https:\/\/pasaenmendoza.com\/index.php?rest_route=\/wp\/v2\/users\/2"}],"replies":[{"embeddable":true,"href":"https:\/\/pasaenmendoza.com\/index.php?rest_route=%2Fwp%2Fv2%2Fcomments&post=8923"}],"version-history":[{"count":1,"href":"https:\/\/pasaenmendoza.com\/index.php?rest_route=\/wp\/v2\/posts\/8923\/revisions"}],"predecessor-version":[{"id":8925,"href":"https:\/\/pasaenmendoza.com\/index.php?rest_route=\/wp\/v2\/posts\/8923\/revisions\/8925"}],"wp:featuredmedia":[{"embeddable":true,"href":"https:\/\/pasaenmendoza.com\/index.php?rest_route=\/wp\/v2\/media\/8924"}],"wp:attachment":[{"href":"https:\/\/pasaenmendoza.com\/index.php?rest_route=%2Fwp%2Fv2%2Fmedia&parent=8923"}],"wp:term":[{"taxonomy":"category","embeddable":true,"href":"https:\/\/pasaenmendoza.com\/index.php?rest_route=%2Fwp%2Fv2%2Fcategories&post=8923"},{"taxonomy":"post_tag","embeddable":true,"href":"https:\/\/pasaenmendoza.com\/index.php?rest_route=%2Fwp%2Fv2%2Ftags&post=8923"}],"curies":[{"name":"wp","href":"https:\/\/api.w.org\/{rel}","templated":true}]}}