{"id":8932,"date":"2024-08-14T23:52:21","date_gmt":"2024-08-14T21:52:21","guid":{"rendered":"https:\/\/pasaenmendoza.com\/?p=8932"},"modified":"2024-08-14T23:52:23","modified_gmt":"2024-08-14T21:52:23","slug":"junin-celebrara-una-nueva-edicion-del-dia-de-la-ninez-en-el-parque-recreativo-dueno-del-sol","status":"publish","type":"post","link":"https:\/\/pasaenmendoza.com\/?p=8932","title":{"rendered":"Jun\u00edn celebrar\u00e1 una nueva edici\u00f3n del D\u00eda de la ni\u00f1ez en el parque recreativo Due\u00f1o del Sol"},"content":{"rendered":"\n<p>El pr\u00f3ximo domingo la<strong>&nbsp;Municipalidad de Jun\u00edn&nbsp;<\/strong>se prepara para vivir una jornada m\u00e1gica, una de esas que quedan grabadas en la memoria como un dulce&nbsp;<strong>recuerdo de la infancia.<\/strong><\/p>\n\n\n\n<p>El\u00a0<strong>Parque Recreativo Due\u00f1o del Sol<\/strong>\u00a0abrir\u00e1 sus puertas de<strong>\u00a011 a 18 para celebrar el Megafestival D\u00eda de la Ni\u00f1ez<\/strong>, un evento que, m\u00e1s all\u00e1 de la diversi\u00f3n, busca revivir ese rinc\u00f3n nost\u00e1lgico donde el juego y la risa reinan.<\/p>\n\n\n\n<p>Desde temprano,&nbsp;<strong>el parque se transformar\u00e1 en un mundo de fantas\u00eda, con actividades recreativas y deportivas<\/strong>, shows en vivo, y la presencia de personajes que parecen salidos de un sue\u00f1o. Circo, teatro, m\u00fasica, arte y juegos de simulaci\u00f3n dar\u00e1n vida a un d\u00eda donde cada rinc\u00f3n estar\u00e1 lleno de color y alegr\u00eda. Los zancos, malabares y payasos&nbsp;<strong>traer\u00e1n a la memoria aquellos momentos en los que el tiempo se deten\u00eda,<\/strong>&nbsp;y las risas eran el lenguaje universal.<\/p>\n\n\n\n<figure class=\"wp-block-image\"><img decoding=\"async\" src=\"https:\/\/media.diariouno.com.ar\/p\/3a67cb489e0a1f9dfe910e835197460a\/adjuntos\/298\/imagenes\/009\/387\/0009387081\/1200x0\/smart\/infancias-junin-1jpg.jpg\" alt=\"El pr&oacute;ximo domingo 18 de agosto, Jun&iacute;n se prepara para vivir una jornada m&aacute;gica.\" title=\"El pr&oacute;ximo domingo 18 de agosto, Jun&iacute;n se prepara para vivir una jornada m&aacute;gica.\"\/><\/figure>\n\n\n\n<p>El pr\u00f3ximo domingo 18 de agosto, Jun\u00edn se prepara para vivir una jornada m\u00e1gica.<\/p>\n\n\n\n<p>Entre las propuestas destacadas, el espect\u00e1culo teatral<strong>&nbsp;&#8220;El Libro del Desierto&#8221; invitar\u00e1 a grandes y chicos a viajar por paisajes lejanos y misteriosos.<\/strong>&nbsp;Habr\u00e1 plataformas m\u00f3viles, inflables, camas el\u00e1sticas, y hasta una fotocabina donde las sonrisas quedar\u00e1n inmortalizadas. Los m\u00e1s peque\u00f1os podr\u00e1n disfrutar de chocolates, facturas, copitos y golosinas, mientras que los m\u00e1s grandes recorrer\u00e1n el patio de comidas, food trucks, y puestos de artesanos.<\/p>\n\n\n\n<p>Adem\u00e1s,&nbsp;<strong>sobre el escenario, desfilar\u00e1n artistas que con su talento har\u00e1n vibrar el coraz\u00f3n de los presentes<\/strong>: Circus Deluxe, Circus Magenta Show, Circus Show, la Escuela Arte en Movimiento, El Show Infantil de Carlitos Cabrillana, DJ Mart\u00edn Grilli, y muchos m\u00e1s. Las clases de Zumba a cargo de Roxana Vargas, las Aventuras del Profe Gast\u00f3n, y el elenco de T\u00edteres de la T\u00eda Tomasa completar\u00e1n un d\u00eda que promete ser inolvidable.<\/p>\n\n\n\n<p>Sobre el escenario desfilar\u00e1n artistas que con su talento har\u00e1n vibrar el coraz\u00f3n de los presentes.<\/p>\n\n\n\n<p>Como gesto de compromiso con el medio ambiente,<strong>&nbsp;la entrada ser\u00e1 un envase pl\u00e1stico para reciclar<\/strong>, una peque\u00f1a acci\u00f3n que simboliza el deseo de dejar un mundo mejor para las futuras generaciones. En cuanto a la seguridad, se ha dispuesto un operativo especial, recordando que estar\u00e1 prohibido hacer fuego en todo el predio, incluso en las churrasqueras.<\/p>\n\n\n\n<figure class=\"wp-block-image\"><img decoding=\"async\" src=\"https:\/\/media.diariouno.com.ar\/p\/911ea807907a997bb3bd01131357a12c\/adjuntos\/298\/imagenes\/009\/387\/0009387082\/1200x0\/smart\/infancias-juninjpg.jpg\" alt=\"La Municipalidad ha dispuesto colectivos gratuitos desde los distintos distritos, para que cada familia pueda llegar al parque.\" title=\"La Municipalidad ha dispuesto colectivos gratuitos desde los distintos distritos, para que cada familia pueda llegar al parque.\"\/><\/figure>\n\n\n\n<p>Y como ya es tradici\u00f3n, la Municipalidad ha dispuesto&nbsp;<strong>colectivos gratuitos desde los distintos distritos<\/strong>, para que cada familia pueda llegar al parque sin preocupaciones y disfrutar de este d\u00eda \u00fanico, donde la ni\u00f1ez y la nostalgia se entrelazan en un abrazo c\u00e1lido y eterno.<\/p>\n\n\n\n<p>Con&nbsp;<strong>salida a las 12 y retorno a las 18<\/strong>, el detalle de los colectivos:<\/p>\n\n\n\n<ul>\n<li>Alto Verde: Escuela Mois\u00e9s Lucero, calle Videla s\/n.<\/li>\n\n\n\n<li>Philipps: Escuela Tarsila Arias, carril Centro s\/n, Los Otoyanes; Plaza Mariano Necochea y B\u00ba Los Otoyanes, Sal\u00f3n de Usos M\u00faltiples.<\/li>\n\n\n\n<li>Algarrobo Grande: Jard\u00edn Pico Picotero, calle Coria.<\/li>\n\n\n\n<li>Ingeniero Giagnoni: Delegaci\u00f3n Municipal, carril Santos Lugares s\/n.<\/li>\n\n\n\n<li>Los Barriales: Centro Comunitario del barrio Jard\u00edn Ferroviario; plaza distrital y barrio Colonia Caballero, calle Caballero s\/n.<\/li>\n\n\n\n<li>Rodr\u00edguez Pe\u00f1a: SUM del distrito, Ruta Provincial 61; y Centro de Salud de El Top\u00f3n, calles Sauce y La Legua.<\/li>\n\n\n\n<li>La Colonia: Barrio Gran Capit\u00e1n, escuela Docentes Jubilados del Este.<\/li>\n\n\n\n<li>Medrano: Delegaci\u00f3n Medrano, calle Tres Acequias s\/n; y Plaza Barrio El Martillo<\/li>\n<\/ul>\n\n\n\n<p><strong>Fuente: www.diariouno.com.ar<\/strong><\/p>\n","protected":false},"excerpt":{"rendered":"<p>El pr\u00f3ximo domingo la&nbsp;Municipalidad de Jun\u00edn&nbsp;se prepara para vivir una jornada m\u00e1gica, una de esas que quedan grabadas en la memoria como un dulce&nbsp;recuerdo de la infancia. El\u00a0Parque Recreativo Due\u00f1o del Sol\u00a0abrir\u00e1 sus puertas de\u00a011 a 18 para celebrar el Megafestival D\u00eda de la Ni\u00f1ez, un evento que, m\u00e1s all\u00e1 de la diversi\u00f3n, busca revivir [&hellip;]<\/p>\n","protected":false},"author":2,"featured_media":8933,"comment_status":"open","ping_status":"open","sticky":false,"template":"","format":"standard","meta":[],"categories":[50],"tags":[],"_links":{"self":[{"href":"https:\/\/pasaenmendoza.com\/index.php?rest_route=\/wp\/v2\/posts\/8932"}],"collection":[{"href":"https:\/\/pasaenmendoza.com\/index.php?rest_route=\/wp\/v2\/posts"}],"about":[{"href":"https:\/\/pasaenmendoza.com\/index.php?rest_route=\/wp\/v2\/types\/post"}],"author":[{"embeddable":true,"href":"https:\/\/pasaenmendoza.com\/index.php?rest_route=\/wp\/v2\/users\/2"}],"replies":[{"embeddable":true,"href":"https:\/\/pasaenmendoza.com\/index.php?rest_route=%2Fwp%2Fv2%2Fcomments&post=8932"}],"version-history":[{"count":1,"href":"https:\/\/pasaenmendoza.com\/index.php?rest_route=\/wp\/v2\/posts\/8932\/revisions"}],"predecessor-version":[{"id":8934,"href":"https:\/\/pasaenmendoza.com\/index.php?rest_route=\/wp\/v2\/posts\/8932\/revisions\/8934"}],"wp:featuredmedia":[{"embeddable":true,"href":"https:\/\/pasaenmendoza.com\/index.php?rest_route=\/wp\/v2\/media\/8933"}],"wp:attachment":[{"href":"https:\/\/pasaenmendoza.com\/index.php?rest_route=%2Fwp%2Fv2%2Fmedia&parent=8932"}],"wp:term":[{"taxonomy":"category","embeddable":true,"href":"https:\/\/pasaenmendoza.com\/index.php?rest_route=%2Fwp%2Fv2%2Fcategories&post=8932"},{"taxonomy":"post_tag","embeddable":true,"href":"https:\/\/pasaenmendoza.com\/index.php?rest_route=%2Fwp%2Fv2%2Ftags&post=8932"}],"curies":[{"name":"wp","href":"https:\/\/api.w.org\/{rel}","templated":true}]}}