{"id":8935,"date":"2024-08-15T23:06:41","date_gmt":"2024-08-15T21:06:41","guid":{"rendered":"https:\/\/pasaenmendoza.com\/?p=8935"},"modified":"2024-08-15T23:06:43","modified_gmt":"2024-08-15T21:06:43","slug":"ate-acepto-la-propuesta-salarial-del-15-trimestral-y-adicionales-para-cada-sector","status":"publish","type":"post","link":"https:\/\/pasaenmendoza.com\/?p=8935","title":{"rendered":"ATE acept\u00f3 la propuesta salarial del 15% trimestral y adicionales para cada sector"},"content":{"rendered":"\n<p>La\u00a0<strong>Asociaci\u00f3n de Trabajadores del Estado (ATE)<\/strong>\u00a0acept\u00f3 la \u00faltima propuesta salarial del Gobierno que consiste en un incremento salarial del 5% para julio, 5% para agosto y 5% para septiembre y adicionales para cada sector.<\/p>\n\n\n\n<p><strong>ATE<\/strong>&nbsp;nuclea a los licenciados en Enfermer\u00eda, como tambi\u00e9n a los empleados de los sectores 15 de Salud, 5 de Administraci\u00f3n Central, r\u00e9gimen 35 de Ambiente, Guardaparques y Ecoparque.<\/p>\n\n\n\n<p>El secretario gremial de ATE Mendoza, Roberto Macho, asegur\u00f3: &#8220;Estamos en una jornada muy importante para todos, donde todos los compa\u00f1eros estatales se han expresado en los distintos plebiscitos en sus lugares de trabajo y han votado y se han manifestado en favor del acuerdo paritario&#8221;.<\/p>\n\n\n\n<p>El Gobierno ya alcanz\u00f3 un acuerdo paritario con 17 sectores: Reg\u00edmenes 15 de Salud, 5 de Administraci\u00f3n central y 35 de Ambiente,, Funcionarios y Empleados Judiciales, Fiscal\u00eda de Estado, Tribunal de Cuentas, SUTE, Guardaparques y Ecoparque, Contadur\u00eda General, Instituto de Juegos y Casinos, Subsecretar\u00eda de Trabajo y Empleo, Licenciados en Enfermer\u00eda, Tesorer\u00eda General, Fondo para la Transformaci\u00f3n y el Crecimiento de Mendoza, y la Direcci\u00f3n Provincial de Vialidad (DPV).<\/p>\n\n\n\n<p><strong>AMPROS\u00a0<\/strong>es el \u00fanico gremio que no cerr\u00f3 su paritaria, por lo que el gobernador Alfredo Cornejo dispuso un aumento por decreto.<\/p>\n\n\n\n<h2 class=\"wp-block-heading\">El logro de sacar un \u00edtem clave de la propuesta de ATE<\/h2>\n\n\n\n<p>El\u00a0<strong>secretario general de ATE, Roberto Macho<\/strong>, destac\u00f3 que lograron<strong>\u00a0eliminar todos los \u00edtems de presencialidad\u00a0<\/strong>en la nueva versi\u00f3n de incremento salarial con base de c\u00e1lculo de junio y julio.<\/p>\n\n\n\n<p>&#8220;El Gobierno provincial trajo una \u00faltima propuesta en todos los r\u00e9gimenes salariales con base de junio y de julio. Sumado a los aumentos espec\u00edficos de cada uno de los sectores o adicionales en los sectores de cada uno de los trabajadores. Va a haber una bonificaci\u00f3n del 1408 del 50%. Ninguna parte de la propuesta est\u00e1 atada a la presencialidad, por ende la oferta est\u00e1 presentada bajo los aspectos que solicit\u00f3 ATE&#8221;, se\u00f1al\u00f3 Macho, al salir de la reuni\u00f3n paritaria con la decisi\u00f3n de llevar la oferta salarial a votaci\u00f3n en las bases.<\/p>\n\n\n\n<p>El gremialista resalt\u00f3 que en comparaci\u00f3n con el a\u00f1o pasado hay un incremento por encima del 100%.<\/p>\n\n\n\n<p><strong>Fuente: www.diariouno.com.ar<\/strong><\/p>\n","protected":false},"excerpt":{"rendered":"<p>La\u00a0Asociaci\u00f3n de Trabajadores del Estado (ATE)\u00a0acept\u00f3 la \u00faltima propuesta salarial del Gobierno que consiste en un incremento salarial del 5% para julio, 5% para agosto y 5% para septiembre y adicionales para cada sector. ATE&nbsp;nuclea a los licenciados en Enfermer\u00eda, como tambi\u00e9n a los empleados de los sectores 15 de Salud, 5 de Administraci\u00f3n Central, [&hellip;]<\/p>\n","protected":false},"author":2,"featured_media":8937,"comment_status":"open","ping_status":"open","sticky":false,"template":"","format":"standard","meta":[],"categories":[55],"tags":[],"_links":{"self":[{"href":"https:\/\/pasaenmendoza.com\/index.php?rest_route=\/wp\/v2\/posts\/8935"}],"collection":[{"href":"https:\/\/pasaenmendoza.com\/index.php?rest_route=\/wp\/v2\/posts"}],"about":[{"href":"https:\/\/pasaenmendoza.com\/index.php?rest_route=\/wp\/v2\/types\/post"}],"author":[{"embeddable":true,"href":"https:\/\/pasaenmendoza.com\/index.php?rest_route=\/wp\/v2\/users\/2"}],"replies":[{"embeddable":true,"href":"https:\/\/pasaenmendoza.com\/index.php?rest_route=%2Fwp%2Fv2%2Fcomments&post=8935"}],"version-history":[{"count":1,"href":"https:\/\/pasaenmendoza.com\/index.php?rest_route=\/wp\/v2\/posts\/8935\/revisions"}],"predecessor-version":[{"id":8938,"href":"https:\/\/pasaenmendoza.com\/index.php?rest_route=\/wp\/v2\/posts\/8935\/revisions\/8938"}],"wp:featuredmedia":[{"embeddable":true,"href":"https:\/\/pasaenmendoza.com\/index.php?rest_route=\/wp\/v2\/media\/8937"}],"wp:attachment":[{"href":"https:\/\/pasaenmendoza.com\/index.php?rest_route=%2Fwp%2Fv2%2Fmedia&parent=8935"}],"wp:term":[{"taxonomy":"category","embeddable":true,"href":"https:\/\/pasaenmendoza.com\/index.php?rest_route=%2Fwp%2Fv2%2Fcategories&post=8935"},{"taxonomy":"post_tag","embeddable":true,"href":"https:\/\/pasaenmendoza.com\/index.php?rest_route=%2Fwp%2Fv2%2Ftags&post=8935"}],"curies":[{"name":"wp","href":"https:\/\/api.w.org\/{rel}","templated":true}]}}