{"id":8939,"date":"2024-08-15T23:12:32","date_gmt":"2024-08-15T21:12:32","guid":{"rendered":"https:\/\/pasaenmendoza.com\/?p=8939"},"modified":"2024-08-15T23:12:34","modified_gmt":"2024-08-15T21:12:34","slug":"federico-norte-anticipo-cuando-podria-caer-nieve-en-gran-mendoza","status":"publish","type":"post","link":"https:\/\/pasaenmendoza.com\/?p=8939","title":{"rendered":"Federico Norte anticip\u00f3 cu\u00e1ndo podr\u00eda caer nieve en Gran Mendoza"},"content":{"rendered":"\n<p>Las probabilidades de\u00a0<strong>nevadas\u00a0<\/strong>en el llano generaron expectativas cuando este jueves\u00a0<strong>Federico Norte<\/strong>\u00a0las anticip\u00f3 para el inicio de la pr\u00f3xima semana. En concreto, dijo que entre el lunes por la noche y el martes todo el d\u00eda podr\u00eda llegar la\u00a0<strong>nieve<\/strong>\u00a0al\u00a0<strong>Gran Mendoza<\/strong>, Valle de Uco y Sur provincial.<\/p>\n\n\n\n<p>Despu\u00e9s de jornadas con m\u00e1ximas de 20 grados, de un tiempo casi primaveral, a partir de este viernes comenzar\u00eda a descender la temperatura. Se espera un fin de semana fr\u00edo, sobre todo el domingo con el ingreso de un&nbsp;<strong>aire polar<\/strong>.<\/p>\n\n\n\n<p>La\u00a0<strong>inestabilidad en alta monta\u00f1a<\/strong>\u00a0con nevadas aisladas se dar\u00eda entre este jueves y viernes, y para el llano las m\u00ednimas no superar\u00e1n los 5 o 6 grados, en tanto que las m\u00e1ximas no llegar\u00e1n a los 15 grados. El cielo estar\u00e1 algo nublado, &#8220;con nubes altas&#8221;, indic\u00f3 el doctor en<strong>\u00a0meteorolog\u00eda<\/strong>.<\/p>\n\n\n\n<p>El domingo las cosas cambian, ingresar\u00e1 un aire muy fr\u00edo a la regi\u00f3n, espec\u00edficamente aire polar, bajar\u00e1 mucho la temperatura con 6 grados de m\u00ednima y apenas 13 de m\u00e1xima. Se pronostican algunas\u00a0<strong>precipitaciones\u00a0<\/strong>hacia la noche del domingo y nevadas en cordillera.<\/p>\n\n\n\n<h2 class=\"wp-block-heading\">La nieve llegar\u00eda al llano entre el lunes y martes<\/h2>\n\n\n\n<p>Ya el lunes y martes ingresar\u00e1 un\u00a0<strong>aire polar<\/strong>\u00a0mar\u00edtimo, con la suma de un centro de alta presi\u00f3n en superficie, en la zona central de la Patagonia por un lado, trayendo aire fr\u00edo y h\u00famedo desde el oc\u00e9ano Atl\u00e1ntico; y por otro lado, una profunda\u00a0<strong>vaguada\u00a0<\/strong>con centro cerrado de baja presi\u00f3n en altura&#8221;, detall\u00f3 Norte en el programa radial &#8220;Primeras Voces&#8221;.<\/p>\n\n\n\n<p>Esta conjunci\u00f3n de ambos fen\u00f3menos, seg\u00fan indic\u00f3 el meteor\u00f3logo, dar\u00eda lugar a condiciones netamente invernales con una alta posibilidad de que en algunos sectores del llano &#8220;<strong>el lunes a la noche y martes 20 se registren ca\u00edda de aguanieve y nieve<\/strong>&#8220;.<\/p>\n\n\n\n<p>Norte advirti\u00f3 que &#8220;lo vamos a monitorear mejor en los pr\u00f3ximos informes para ver realmente qu\u00e9 pasa en esos d\u00edas&#8221;.<\/p>\n\n\n\n<p><strong>Fuente: www.diariouno.com.ar<\/strong><\/p>\n","protected":false},"excerpt":{"rendered":"<p>Las probabilidades de\u00a0nevadas\u00a0en el llano generaron expectativas cuando este jueves\u00a0Federico Norte\u00a0las anticip\u00f3 para el inicio de la pr\u00f3xima semana. En concreto, dijo que entre el lunes por la noche y el martes todo el d\u00eda podr\u00eda llegar la\u00a0nieve\u00a0al\u00a0Gran Mendoza, Valle de Uco y Sur provincial. Despu\u00e9s de jornadas con m\u00e1ximas de 20 grados, de un [&hellip;]<\/p>\n","protected":false},"author":2,"featured_media":8940,"comment_status":"open","ping_status":"open","sticky":false,"template":"","format":"standard","meta":[],"categories":[52],"tags":[],"_links":{"self":[{"href":"https:\/\/pasaenmendoza.com\/index.php?rest_route=\/wp\/v2\/posts\/8939"}],"collection":[{"href":"https:\/\/pasaenmendoza.com\/index.php?rest_route=\/wp\/v2\/posts"}],"about":[{"href":"https:\/\/pasaenmendoza.com\/index.php?rest_route=\/wp\/v2\/types\/post"}],"author":[{"embeddable":true,"href":"https:\/\/pasaenmendoza.com\/index.php?rest_route=\/wp\/v2\/users\/2"}],"replies":[{"embeddable":true,"href":"https:\/\/pasaenmendoza.com\/index.php?rest_route=%2Fwp%2Fv2%2Fcomments&post=8939"}],"version-history":[{"count":1,"href":"https:\/\/pasaenmendoza.com\/index.php?rest_route=\/wp\/v2\/posts\/8939\/revisions"}],"predecessor-version":[{"id":8941,"href":"https:\/\/pasaenmendoza.com\/index.php?rest_route=\/wp\/v2\/posts\/8939\/revisions\/8941"}],"wp:featuredmedia":[{"embeddable":true,"href":"https:\/\/pasaenmendoza.com\/index.php?rest_route=\/wp\/v2\/media\/8940"}],"wp:attachment":[{"href":"https:\/\/pasaenmendoza.com\/index.php?rest_route=%2Fwp%2Fv2%2Fmedia&parent=8939"}],"wp:term":[{"taxonomy":"category","embeddable":true,"href":"https:\/\/pasaenmendoza.com\/index.php?rest_route=%2Fwp%2Fv2%2Fcategories&post=8939"},{"taxonomy":"post_tag","embeddable":true,"href":"https:\/\/pasaenmendoza.com\/index.php?rest_route=%2Fwp%2Fv2%2Ftags&post=8939"}],"curies":[{"name":"wp","href":"https:\/\/api.w.org\/{rel}","templated":true}]}}