{"id":8949,"date":"2024-08-16T23:32:02","date_gmt":"2024-08-16T21:32:02","guid":{"rendered":"https:\/\/pasaenmendoza.com\/?p=8949"},"modified":"2024-08-16T23:32:03","modified_gmt":"2024-08-16T21:32:03","slug":"el-plan-de-la-dge-para-mejorar-la-alfabetizacion-de-jovenes-y-adultos","status":"publish","type":"post","link":"https:\/\/pasaenmendoza.com\/?p=8949","title":{"rendered":"El plan de la DGE para mejorar la alfabetizaci\u00f3n de j\u00f3venes y adultos"},"content":{"rendered":"\n<p>Con el objetivo de reforzar los procesos de alfabetizaci\u00f3n en j\u00f3venes y adultos, la\u00a0Direcci\u00f3n General de Escuelas\u00a0(DGE) present\u00f3 este viernes el\u00a0<strong>programa de Alfabetizaci\u00f3n de la modalidad de Educaci\u00f3n Permanente de J\u00f3venes y Adultos<\/strong>, denominado \u201cAlfabetiza Mendoza\u201d.<\/p>\n\n\n\n<p>Como una\u00a0<strong>oportunidad para todos aquellos que en su momento no pudieron realizar sus estudios<\/strong>, el plan incluir\u00e1 material que estar\u00e1 adaptado a dicha modalidad, sumando un libro de ejercitaci\u00f3n.<\/p>\n\n\n\n<p>\u201c<em>Es importante reforzar los procesos de alfabetizaci\u00f3n en los centros de educaci\u00f3n de j\u00f3venes y adultos. Partimos de un concepto de alfabetizaci\u00f3n no s\u00f3lo desde la infancia, sino tambi\u00e9n como un proceso que se da en la adultez. Tambi\u00e9n todo lo generado se adapta a la modalidad de educaci\u00f3n en Contexto de Privaci\u00f3n de la Libertad y de la modalidad Hospitalaria<\/em>\u201d, afirm\u00f3&nbsp;<strong>N\u00e9lida Maluf<\/strong>, directora de Planificaci\u00f3n de la Calidad Educativa.<\/p>\n\n\n\n<p>Adem\u00e1s, a trav\u00e9s de Alfabetiza Mendoza tambi\u00e9n&nbsp;<strong>se trabajar\u00e1 con los profesionales de la educaci\u00f3n<\/strong>, buscando mejorar la formaci\u00f3n de los mismos.<\/p>\n\n\n\n<p>En tanto, Maluf destac\u00f3 la importancia de concluir con los estudios secundarios, pensando en el mundo laboral.<\/p>\n\n\n\n<p>\u201c<em>Los j\u00f3venes entienden que es necesario acreditar el nivel Secundario como requisito para el trabajo formal, hay inter\u00e9s.<strong>\u00a0A medida que se van generando m\u00e1s oportunidades de trabajo tambi\u00e9n se suele exigir m\u00e1s formaci\u00f3n<\/strong>. Esta acci\u00f3n es otra m\u00e1s que se suma para que los j\u00f3venes tengan la posibilidad de terminar con los niveles obligatorios educativos que les va a permitir ingresar al mundo laboral<\/em>\u201c, cerr\u00f3 la funcionaria.<\/p>\n\n\n\n<p><strong>Fuente: www.elsol.com.ar<\/strong><\/p>\n","protected":false},"excerpt":{"rendered":"<p>Con el objetivo de reforzar los procesos de alfabetizaci\u00f3n en j\u00f3venes y adultos, la\u00a0Direcci\u00f3n General de Escuelas\u00a0(DGE) present\u00f3 este viernes el\u00a0programa de Alfabetizaci\u00f3n de la modalidad de Educaci\u00f3n Permanente de J\u00f3venes y Adultos, denominado \u201cAlfabetiza Mendoza\u201d. Como una\u00a0oportunidad para todos aquellos que en su momento no pudieron realizar sus estudios, el plan incluir\u00e1 material que [&hellip;]<\/p>\n","protected":false},"author":2,"featured_media":8950,"comment_status":"open","ping_status":"open","sticky":false,"template":"","format":"standard","meta":[],"categories":[56],"tags":[],"_links":{"self":[{"href":"https:\/\/pasaenmendoza.com\/index.php?rest_route=\/wp\/v2\/posts\/8949"}],"collection":[{"href":"https:\/\/pasaenmendoza.com\/index.php?rest_route=\/wp\/v2\/posts"}],"about":[{"href":"https:\/\/pasaenmendoza.com\/index.php?rest_route=\/wp\/v2\/types\/post"}],"author":[{"embeddable":true,"href":"https:\/\/pasaenmendoza.com\/index.php?rest_route=\/wp\/v2\/users\/2"}],"replies":[{"embeddable":true,"href":"https:\/\/pasaenmendoza.com\/index.php?rest_route=%2Fwp%2Fv2%2Fcomments&post=8949"}],"version-history":[{"count":1,"href":"https:\/\/pasaenmendoza.com\/index.php?rest_route=\/wp\/v2\/posts\/8949\/revisions"}],"predecessor-version":[{"id":8951,"href":"https:\/\/pasaenmendoza.com\/index.php?rest_route=\/wp\/v2\/posts\/8949\/revisions\/8951"}],"wp:featuredmedia":[{"embeddable":true,"href":"https:\/\/pasaenmendoza.com\/index.php?rest_route=\/wp\/v2\/media\/8950"}],"wp:attachment":[{"href":"https:\/\/pasaenmendoza.com\/index.php?rest_route=%2Fwp%2Fv2%2Fmedia&parent=8949"}],"wp:term":[{"taxonomy":"category","embeddable":true,"href":"https:\/\/pasaenmendoza.com\/index.php?rest_route=%2Fwp%2Fv2%2Fcategories&post=8949"},{"taxonomy":"post_tag","embeddable":true,"href":"https:\/\/pasaenmendoza.com\/index.php?rest_route=%2Fwp%2Fv2%2Ftags&post=8949"}],"curies":[{"name":"wp","href":"https:\/\/api.w.org\/{rel}","templated":true}]}}