{"id":895,"date":"2023-08-24T14:05:25","date_gmt":"2023-08-24T12:05:25","guid":{"rendered":"https:\/\/pasaenmendoza.com\/?p=895"},"modified":"2023-08-24T14:05:25","modified_gmt":"2023-08-24T12:05:25","slug":"alerta-otra-razon-por-la-que-mendoza-debe-avanzar-con-desarrollo-minero","status":"publish","type":"post","link":"https:\/\/pasaenmendoza.com\/?p=895","title":{"rendered":"Alerta: otra raz\u00f3n por la que Mendoza debe avanzar con desarrollo minero"},"content":{"rendered":"\n<p> Durante el foro minero de la \u00faltima semana, se puso la voz de alerta por el futuro de las decisiones en torno a minerales estrat\u00e9gicos para el cambio de la matriz energ\u00e9tica mundial.<\/p>\n\n\n\n<p>n medio de las exposiciones que se realizaron en el marco del foro organizado por la Direcci\u00f3n de Miner\u00eda e Impulsa Mendoza hubo una voz de alerta que dej\u00f3 &#8220;picando&#8221; un tema que no resulta para nada menor en el contexto que se encuentra la Argentina y el mundo.\u00a0<strong>Adem\u00e1s, es una nueva voz de alerta para Mendoza y las decisiones a tomar en torno al desarrollo de la industria minera.<\/strong><\/p>\n\n\n\n<p>El CEO de la compa\u00f1\u00eda estatal Recursos Energ\u00e9ticos y Mineros de Salta S.A. (REMSa), Alberto Castillo, habl\u00f3 del futuro de la actividad minera en el pa\u00eds.\u00a0<strong>Apunt\u00f3 a la necesidad de que las provincias trabajen en equipo ante la posibilidad que en el futuro haya alg\u00fan intento por quitarles el control de los recursos naturales.<\/strong><\/p>\n\n\n\n<p>En su exposici\u00f3n destac\u00f3 ese punto y ante la consulta de\u00a0<strong><em>Memo<\/em><\/strong>, dijo que\u00a0<strong>&#8220;a fin de a\u00f1o el pa\u00eds cambia&#8221; y que cualquiera sea el color pol\u00edtico que gane, la discusi\u00f3n en el Congreso de la Naci\u00f3n durante el 2024 van a ser los recursos.<\/strong>\u00a0Asegur\u00f3 que en la discusi\u00f3n estar\u00e1n los recursos minerales que hoy -constitucionalmente- est\u00e1n en manos de las provincias.\u00a0<\/p>\n\n\n\n<p>Castillo dijo que en el NOA todo el mundo habla de litio y cobre, y destac\u00f3 que en Mendoza es muy posible que haya cobre, elementos fundamentales para la transici\u00f3n energ\u00e9tica que se da a nivel mundial.\u00a0<\/p>\n\n\n\n<p>&#8220;El mundo ha puesto los ojos sobre la Argentina y sus recursos.&nbsp;<strong>Por eso, a partir del a\u00f1o que viene en el Congreso de la Naci\u00f3n el tema van a ser los recursos de las provincias, y ah\u00ed es donde se van a discutir temas como soberan\u00eda, la independencia y la titularidad de los recursos<\/strong>&#8220;, manifest\u00f3.<\/p>\n\n\n\n<p>Por eso, destac\u00f3, que hay que trabajar en equipos en todas las zonas, desde todos los estamentos, para que la transformaci\u00f3n a trav\u00e9s de la miner\u00eda sea una realidad en cada distrito.&nbsp;Seg\u00fan Castillo, si eso no sucede,&nbsp;<strong>&#8220;siempre vamos a estar trabajando para organismos que se van a crear para manejar esos recursos, para tener esa soberan\u00eda y sac\u00e1rsela a las provincias, lo que se les reconoce por Constituci\u00f3n y leyes especiales&#8221;.<\/strong><\/p>\n\n\n\n<p>En el NOA ya hay esfuerzos para trabajar como regi\u00f3n el manejo del litio, pero el cobre tambi\u00e9n aparece en el radar, pero en Mendoza a\u00fan el desarrollo de la industria est\u00e1 en pa\u00f1ales.<\/p>\n\n\n\n<h3 class=\"wp-block-heading\"><strong><em>Mendoza y el cobre<\/em><\/strong><\/h3>\n\n\n\n<p>Los recursos y los minerales cr\u00edticos son una discusi\u00f3n mundial. Un ejemplo es Estados Unidos, siempre est\u00e1 atento a los movimientos chinos que comienzan a acaparar la producci\u00f3n mundial de litio para sus transportes el\u00e9ctricos.<\/p>\n\n\n\n<p>En ese contexto,<strong>&nbsp;lo que dice Castillo resulta casi l\u00f3gico de pensar, considerando que en el contexto actual la Naci\u00f3n no tiene poder sobre el manejo de los recursos naturales<\/strong>, m\u00e1s all\u00e1 de la cuesti\u00f3n impositiva en la que se lleva la mayor parte de los tributos. Sin embargo, hoy la Naci\u00f3n no puede decidir sobre concesiones o explotaciones de minerales, una facultad que tienen los estados provinciales.<\/p>\n\n\n\n<p><strong>Por eso, y viendo que ya se han manifestado algunas intenciones (por ahora s\u00f3lo de palabra) para considerar al litio un recurso estrat\u00e9gico y as\u00ed poner el mineral bajo la esfera nacional, podr\u00eda darse un escenario similar con cualquiera de estos recursos claves, como el cobre.&nbsp;<\/strong>No es antojadiza la creaci\u00f3n de la Regi\u00f3n Minera del Litio entre Salta, Jujuy y Catamarca, uniendo esfuerzos para que las decisiones ante este mineral clave para el futuro quede en manos de los gobernadores.<\/p>\n\n\n\n<p>La pregunta que cabe es c\u00f3mo quedar\u00edan posicionadas provincias como Chubut y Mendoza, con alto potencial geol\u00f3gico que no es aprovechado porque se est\u00e1 conviviendo con leyes que lo proh\u00edben.&nbsp;<strong>Estas leyes, incluso, podr\u00eda ser hasta un argumento para aquellos que manifiestan intenciones de interferir en el manejo provincial de los recursos y que -por ahora- s\u00f3lo est\u00e1n en la intenci\u00f3n.<\/strong><\/p>\n\n\n\n<p>En el contexto mundial los gobiernos avanzan con definiciones importantes sobre sus recursos naturales, por lo que no ser\u00eda extra\u00f1o que en alg\u00fan momento en la Argentina se analice el esquema actual.&nbsp;<\/p>\n\n\n\n<p><strong>Chile, por ejemplo, ya trabaja en la Estrategia Nacional del Litio, en la que defini\u00f3 la participaci\u00f3n mayoritaria del Estado en cualquier proyecto que se quiera desarrollar.&nbsp;<\/strong>La idea causa pol\u00e9mica y est\u00e1 frenando las inversiones que antes llegaban al vecino pa\u00eds. Argentina, con las provincias definiendo sobre el litio, est\u00e1 en el primer lugar mundial en cantidad de proyectos a desarrollar al 2026.<\/p>\n\n\n\n<p>Considerando los efectos del cambio clim\u00e1tico y la relaci\u00f3n directa de los recursos minerales con el cambio de la matriz energ\u00e9tica, claramente las naciones pueden comenzar a analizar lo que pasa con los recursos y, tal como alerta Alberto Castillo, es bueno estar preparados ante cualquier avance sobre la actual condici\u00f3n provincial de los minerales.<\/p>\n\n\n\n<p>FUENTE: Memo.com.ar<\/p>\n","protected":false},"excerpt":{"rendered":"<p>Durante el foro minero de la \u00faltima semana, se puso la voz de alerta por el futuro de las decisiones en torno a minerales estrat\u00e9gicos para el cambio de la matriz energ\u00e9tica mundial. n medio de las exposiciones que se realizaron en el marco del foro organizado por la Direcci\u00f3n de Miner\u00eda e Impulsa Mendoza [&hellip;]<\/p>\n","protected":false},"author":2,"featured_media":896,"comment_status":"open","ping_status":"open","sticky":true,"template":"","format":"standard","meta":[],"categories":[46],"tags":[],"_links":{"self":[{"href":"https:\/\/pasaenmendoza.com\/index.php?rest_route=\/wp\/v2\/posts\/895"}],"collection":[{"href":"https:\/\/pasaenmendoza.com\/index.php?rest_route=\/wp\/v2\/posts"}],"about":[{"href":"https:\/\/pasaenmendoza.com\/index.php?rest_route=\/wp\/v2\/types\/post"}],"author":[{"embeddable":true,"href":"https:\/\/pasaenmendoza.com\/index.php?rest_route=\/wp\/v2\/users\/2"}],"replies":[{"embeddable":true,"href":"https:\/\/pasaenmendoza.com\/index.php?rest_route=%2Fwp%2Fv2%2Fcomments&post=895"}],"version-history":[{"count":1,"href":"https:\/\/pasaenmendoza.com\/index.php?rest_route=\/wp\/v2\/posts\/895\/revisions"}],"predecessor-version":[{"id":898,"href":"https:\/\/pasaenmendoza.com\/index.php?rest_route=\/wp\/v2\/posts\/895\/revisions\/898"}],"wp:featuredmedia":[{"embeddable":true,"href":"https:\/\/pasaenmendoza.com\/index.php?rest_route=\/wp\/v2\/media\/896"}],"wp:attachment":[{"href":"https:\/\/pasaenmendoza.com\/index.php?rest_route=%2Fwp%2Fv2%2Fmedia&parent=895"}],"wp:term":[{"taxonomy":"category","embeddable":true,"href":"https:\/\/pasaenmendoza.com\/index.php?rest_route=%2Fwp%2Fv2%2Fcategories&post=895"},{"taxonomy":"post_tag","embeddable":true,"href":"https:\/\/pasaenmendoza.com\/index.php?rest_route=%2Fwp%2Fv2%2Ftags&post=895"}],"curies":[{"name":"wp","href":"https:\/\/api.w.org\/{rel}","templated":true}]}}