{"id":8958,"date":"2024-08-16T23:56:28","date_gmt":"2024-08-16T21:56:28","guid":{"rendered":"https:\/\/pasaenmendoza.com\/?p=8958"},"modified":"2024-08-16T23:56:29","modified_gmt":"2024-08-16T21:56:29","slug":"javier-milei-visitara-mendoza-por-primera-vez-desde-que-es-presidente-los-detalles","status":"publish","type":"post","link":"https:\/\/pasaenmendoza.com\/?p=8958","title":{"rendered":"Javier Milei visitar\u00e1 Mendoza por primera vez desde que es presidente: los detalles"},"content":{"rendered":"\n<p>El presidente de la Naci\u00f3n,\u00a0<strong>Javier Milei,<\/strong>\u00a0tiene confirmada su primera visita a la provincia de\u00a0<strong>Mendoza\u00a0<\/strong>como mandatario nacional. Ser\u00e1 el 6 de septiembre en\u00a0Convenci\u00f3n Anual del Instituto Argentino de Ejecutivos de Finanzas\u00a0que se desarrollar\u00e1 en el Sheraton de la Ciudad. La informaci\u00f3n se dio a conocer este viernes.<\/p>\n\n\n\n<p>Se espera que de las declaraciones de cierre del evento. Del mismo podr\u00edan participar figuras pol\u00edticas relevantes como el gobernador\u00a0<strong>Alfredo Cornejo<\/strong>, mandatarios de otras provincias y tambi\u00e9n el presidente de la C\u00e1mara de Diputados, Mart\u00edn Menem. Tambi\u00e9n se espera por la presencia y discurso en el mismo evento de la ministra de Seguridad, Patricia Bullrich.<\/p>\n\n\n\n<p>La Convenci\u00f3n Anual del IAEF se desarrollar\u00e1 desde el 5 de septiembre al 6 de septiembre en el lugar citado. Se espera que los \u00faltimos dos discursos sean dados por el gobernador de Mendoza y por el presidente de la Naci\u00f3n, por lo que se confirma de esta manera que el presidente visitar\u00e1 la provincia por primera vez desde que fue electo.<\/p>\n\n\n\n<p>Pese a la ca\u00edda en su imagen positiva en las \u00faltimas encuestas, la provincia de Mendoza demostr\u00f3 su respaldo hacia Javier Milei en las elecciones presidenciales del 2023 ya que fue una de las jurisdicciones en las que m\u00e1s votos sac\u00f3 en la contienda electoral y es por eso que sorprend\u00eda que no estuviera presente en algunos eventos a los que fue invitado como a la Fiesta de la Vendimia.<\/p>\n\n\n\n<p>De esta forma, restan definir algunos detalles de la log\u00edstica o la agenda que tendr\u00e1 el mandatario nacional al llegar a Mendoza, pero su presencia fue confirmada este viernes a trav\u00e9s de la web del IAEF en horas del mediod\u00eda, en lo que fue el lanzamiento del evento.<\/p>\n\n\n\n<p>Mucho antes, este s\u00e1bado 17 de agosto, quien visitar\u00e1 la provincia de Mendoza ser\u00e1 la vicepresidenta Victoria Villarruel quien llegar\u00e1 por el d\u00eda en el que se conmemora el Paso a la Inmortalidad de San Mart\u00edn para tener una agenda sanmartineana en distintos lugares de la provincia. Con anterioridad, el ministro de Justicia C\u00faneo Libarona y la ministra de Seguridad Patricia Bullrich estuvieron en Mendoza en lo que fue el lanzamiento del nuevo c\u00f3digo procesal penal federal en Cuyo.<\/p>\n\n\n\n<p><strong>Fuente: www.mdzol.com<\/strong><\/p>\n","protected":false},"excerpt":{"rendered":"<p>El presidente de la Naci\u00f3n,\u00a0Javier Milei,\u00a0tiene confirmada su primera visita a la provincia de\u00a0Mendoza\u00a0como mandatario nacional. Ser\u00e1 el 6 de septiembre en\u00a0Convenci\u00f3n Anual del Instituto Argentino de Ejecutivos de Finanzas\u00a0que se desarrollar\u00e1 en el Sheraton de la Ciudad. La informaci\u00f3n se dio a conocer este viernes. Se espera que de las declaraciones de cierre del [&hellip;]<\/p>\n","protected":false},"author":2,"featured_media":8959,"comment_status":"open","ping_status":"open","sticky":false,"template":"","format":"standard","meta":[],"categories":[47],"tags":[],"_links":{"self":[{"href":"https:\/\/pasaenmendoza.com\/index.php?rest_route=\/wp\/v2\/posts\/8958"}],"collection":[{"href":"https:\/\/pasaenmendoza.com\/index.php?rest_route=\/wp\/v2\/posts"}],"about":[{"href":"https:\/\/pasaenmendoza.com\/index.php?rest_route=\/wp\/v2\/types\/post"}],"author":[{"embeddable":true,"href":"https:\/\/pasaenmendoza.com\/index.php?rest_route=\/wp\/v2\/users\/2"}],"replies":[{"embeddable":true,"href":"https:\/\/pasaenmendoza.com\/index.php?rest_route=%2Fwp%2Fv2%2Fcomments&post=8958"}],"version-history":[{"count":1,"href":"https:\/\/pasaenmendoza.com\/index.php?rest_route=\/wp\/v2\/posts\/8958\/revisions"}],"predecessor-version":[{"id":8960,"href":"https:\/\/pasaenmendoza.com\/index.php?rest_route=\/wp\/v2\/posts\/8958\/revisions\/8960"}],"wp:featuredmedia":[{"embeddable":true,"href":"https:\/\/pasaenmendoza.com\/index.php?rest_route=\/wp\/v2\/media\/8959"}],"wp:attachment":[{"href":"https:\/\/pasaenmendoza.com\/index.php?rest_route=%2Fwp%2Fv2%2Fmedia&parent=8958"}],"wp:term":[{"taxonomy":"category","embeddable":true,"href":"https:\/\/pasaenmendoza.com\/index.php?rest_route=%2Fwp%2Fv2%2Fcategories&post=8958"},{"taxonomy":"post_tag","embeddable":true,"href":"https:\/\/pasaenmendoza.com\/index.php?rest_route=%2Fwp%2Fv2%2Ftags&post=8958"}],"curies":[{"name":"wp","href":"https:\/\/api.w.org\/{rel}","templated":true}]}}