{"id":8962,"date":"2024-08-19T22:34:37","date_gmt":"2024-08-19T20:34:37","guid":{"rendered":"https:\/\/pasaenmendoza.com\/?p=8962"},"modified":"2024-08-19T22:34:38","modified_gmt":"2024-08-19T20:34:38","slug":"se-viene-un-martes-congelado-en-mendoza-mucho-frio-lluvias-y-nevadas-en-el-llano","status":"publish","type":"post","link":"https:\/\/pasaenmendoza.com\/?p=8962","title":{"rendered":"Se viene un martes \u201ccongelado\u201d en Mendoza: mucho fr\u00edo, lluvias y nevadas en el llano"},"content":{"rendered":"\n<p>Luego de las temperaturas c\u00e1lidas registradas en el Gran Mendoza,&nbsp;<strong>ingres\u00f3 un frente fr\u00edo polar<\/strong>&nbsp;que podr\u00eda extenderse hasta el mi\u00e9rcoles, inclusive. El fen\u00f3meno meteorol\u00f3gico afectar\u00e1 a gran parte del territorio cuyano.<\/p>\n\n\n\n<p>De acuerdo con lo indicado por los modelos, este&nbsp;<strong>martes podr\u00eda ser el d\u00eda m\u00e1s fr\u00edo de la semana<\/strong>, con una temperatura m\u00e1xima que&nbsp;<strong>no superar\u00e1 los 4 grados<\/strong>. Adem\u00e1s, hay probabilidad de lluvias aisladas y&nbsp;<strong>muchas chances de que nieve en el llano.<\/strong><\/p>\n\n\n\n<p>El&nbsp;<strong>mi\u00e9rcoles<\/strong>&nbsp;seguir\u00e1 con las mismas condiciones. Seg\u00fan la Direcci\u00f3n de Contingencias Clim\u00e1ticas:&nbsp;<em>\u201cEl cielo estar\u00e1 cubierto con probabilidades de precipitaciones en forma de nieve. Afectando, Malarg\u00fce, San Rafael, todo el Valle de Uco y Gran Mendoza (mayormente al Oeste)\u201d.<\/em><\/p>\n\n\n\n<p>Para esa jornada<strong>&nbsp;la m\u00ednima ser\u00e1 de 1 grado y la m\u00e1xima de 6.<\/strong><\/p>\n\n\n\n<p>Ya para el<strong>&nbsp;jueves<\/strong>&nbsp;se pronostican&nbsp;<strong>mejoras generales<\/strong>.&nbsp;<em>\u201cHabr\u00e1 nubosidad en disminuci\u00f3n y ascenso de la temperatura, vientos leves del noreste. Heladas parciales. Mejorando en cordillera\u201d.<\/em>&nbsp;<strong>La m\u00ednima ser\u00e1 de 0 grados y la m\u00e1xima de 12.<\/strong><\/p>\n\n\n\n<h2 class=\"wp-block-heading\" id=\"h-que-pasara-en-alta-montana\">Qu\u00e9 pasar\u00e1 en alta monta\u00f1a<\/h2>\n\n\n\n<p>En&nbsp;<strong>alta monta\u00f1a<\/strong>&nbsp;contin\u00faan las condiciones de&nbsp;<strong>mal tiempo, con nevadas intermitentes, pero d\u00e9bile<\/strong>s, por lo que no est\u00e1 previsto que el paso a Chile quede intransitable.<\/p>\n\n\n\n<p>Seg\u00fan las autoridades del corredor, el mal tiempo persistir\u00e1 hasta el mi\u00e9rcoles.<\/p>\n\n\n\n<p><strong>Fuente: www.elsol.com.ar<\/strong><\/p>\n","protected":false},"excerpt":{"rendered":"<p>Luego de las temperaturas c\u00e1lidas registradas en el Gran Mendoza,&nbsp;ingres\u00f3 un frente fr\u00edo polar&nbsp;que podr\u00eda extenderse hasta el mi\u00e9rcoles, inclusive. El fen\u00f3meno meteorol\u00f3gico afectar\u00e1 a gran parte del territorio cuyano. De acuerdo con lo indicado por los modelos, este&nbsp;martes podr\u00eda ser el d\u00eda m\u00e1s fr\u00edo de la semana, con una temperatura m\u00e1xima que&nbsp;no superar\u00e1 los [&hellip;]<\/p>\n","protected":false},"author":2,"featured_media":8963,"comment_status":"open","ping_status":"open","sticky":false,"template":"","format":"standard","meta":[],"categories":[52],"tags":[],"_links":{"self":[{"href":"https:\/\/pasaenmendoza.com\/index.php?rest_route=\/wp\/v2\/posts\/8962"}],"collection":[{"href":"https:\/\/pasaenmendoza.com\/index.php?rest_route=\/wp\/v2\/posts"}],"about":[{"href":"https:\/\/pasaenmendoza.com\/index.php?rest_route=\/wp\/v2\/types\/post"}],"author":[{"embeddable":true,"href":"https:\/\/pasaenmendoza.com\/index.php?rest_route=\/wp\/v2\/users\/2"}],"replies":[{"embeddable":true,"href":"https:\/\/pasaenmendoza.com\/index.php?rest_route=%2Fwp%2Fv2%2Fcomments&post=8962"}],"version-history":[{"count":1,"href":"https:\/\/pasaenmendoza.com\/index.php?rest_route=\/wp\/v2\/posts\/8962\/revisions"}],"predecessor-version":[{"id":8964,"href":"https:\/\/pasaenmendoza.com\/index.php?rest_route=\/wp\/v2\/posts\/8962\/revisions\/8964"}],"wp:featuredmedia":[{"embeddable":true,"href":"https:\/\/pasaenmendoza.com\/index.php?rest_route=\/wp\/v2\/media\/8963"}],"wp:attachment":[{"href":"https:\/\/pasaenmendoza.com\/index.php?rest_route=%2Fwp%2Fv2%2Fmedia&parent=8962"}],"wp:term":[{"taxonomy":"category","embeddable":true,"href":"https:\/\/pasaenmendoza.com\/index.php?rest_route=%2Fwp%2Fv2%2Fcategories&post=8962"},{"taxonomy":"post_tag","embeddable":true,"href":"https:\/\/pasaenmendoza.com\/index.php?rest_route=%2Fwp%2Fv2%2Ftags&post=8962"}],"curies":[{"name":"wp","href":"https:\/\/api.w.org\/{rel}","templated":true}]}}