{"id":8965,"date":"2024-08-19T22:41:14","date_gmt":"2024-08-19T20:41:14","guid":{"rendered":"https:\/\/pasaenmendoza.com\/?p=8965"},"modified":"2024-08-19T22:41:16","modified_gmt":"2024-08-19T20:41:16","slug":"en-honor-a-la-virgen-del-transito-en-la-asuncion-mas-de-20-mil-personas-participaron-de-los-actos","status":"publish","type":"post","link":"https:\/\/pasaenmendoza.com\/?p=8965","title":{"rendered":"En honor a la Virgen del Tr\u00e1nsito, en La Asunci\u00f3n, m\u00e1s de 20 mil personas participaron de los actos"},"content":{"rendered":"\n<p>M\u00e1s de 20 mil personas que llegaron hasta el pueblo de<strong>\u00a0La Asunci\u00f3n, en\u00a0Lavalle, para celebrar a la Virgen del Tr\u00e1nsito<\/strong>, en uno de actos de tradici\u00f3n popular en Mendoza que a\u00f1o a a\u00f1o convoca a miles de visitantes.<\/p>\n\n\n\n<p>Adem\u00e1s de las<strong>&nbsp;celebraciones religiosas, se realizaron distintas propuestas de turismo cultural&nbsp;<\/strong>que ofrece la comunidad de La Asunci\u00f3n. Los festejos fueron convocados por la Comunidad Huarpe Paula Guaquinchay, la comisi\u00f3n de la Capilla y la comuna de Lavalle.<\/p>\n\n\n\n<p>Como es tradici\u00f3n, los festejos tambi\u00e9n fueron escenario de la\u00a0<strong>m\u00fasica y danza de Cuyo<\/strong>, una importante grilla de artistas, colm\u00f3 de sonidos el pueblo. Se presentaron con sus melod\u00edas Los Trovadores de Cuyo, Munay, Tely Fern\u00e1ndez, Nacho Villegas, Amuray, Melesca Tr\u00edo, El Torito de la Otra Costa y las danzas estuvieron a cargo del grupo de folklore de La Asunci\u00f3n y el ballet Arte y Tradici\u00f3n.<\/p>\n\n\n\n<p>En la jornada del domingo&nbsp;<strong>visit\u00f3 la festividad el gobernador Alfredo Cornejo,<\/strong>&nbsp;quien fue recibido por el intendente municipal,&nbsp;<strong>Edgardo Gonz\u00e1lez<\/strong>&nbsp;y su equipo de gobierno. Tambi\u00e9n estuvieron el subsecretario de Cultura&nbsp;<strong>Diego Gareca<\/strong>, los diputados&nbsp;<strong>Andr\u00e9s Lombardi y Jorge L\u00f3pez<\/strong>, la presidenta del EMETUR&nbsp;<strong>Gabriela Testa<\/strong>, el director provincial del Adulto Mayor&nbsp;<strong>Lucas Luppo<\/strong>, el intendente de la Ciudad de Mendoza,<strong>&nbsp;Ulpiano Suarez<\/strong>.<\/p>\n\n\n\n<p>Tambi\u00e9n fueron parte de las actividades la reina de la Vendimia Paloma Oro y la virreina\u00a0<strong>Guadalupe Giangiulio<\/strong>, la reina provincial del Adulto Mayor Elsa D\u00edaz , la Primera Paisana Departamental, Melanie Heredia y la Flor de la Tradici\u00f3n Agustina Flores.<\/p>\n\n\n\n<h2 class=\"wp-block-heading\">Religiosidad popular<\/h2>\n\n\n\n<p>La Fiesta Patronal de La Asunci\u00f3n, donde miles de fieles depositan sus pedidos y promesas m\u00e1s sentidos es una de las demostraciones de fe a la virgen Mar\u00eda m\u00e1s convocantes del secano lavallino.<\/p>\n\n\n\n<p>El rezo de la novena, misas, bautismos, peregrinaci\u00f3n gaucha y la procesi\u00f3n de antorchas que recorri\u00f3 el pueblo hasta la Antigua Capilla, fueron momentos emotivos cargados de devoci\u00f3n y esperanza.<\/p>\n\n\n\n<p>La misa central de la celebraci\u00f3n fue presidida por el<strong>&nbsp;obispo auxiliar Marcelo Mazzitelli<\/strong>, acompa\u00f1ado por el cura p\u00e1rroco Carlos Salom\u00f3n. En el mensaje lit\u00fargico el obispo resalt\u00f3 que, &#8220;vivimos en la esperanza porque somos peregrinos en la vida y en esta procesi\u00f3n hemos demostrado nuestro amor y fe a la virgen Mar\u00eda, nunca olvidemos que Dios nos quiere&#8221;.<\/p>\n\n\n\n<h2 class=\"wp-block-heading\">Ecocanje y forestaci\u00f3n<\/h2>\n\n\n\n<p>Durante la festividad se dispuso un punto de Ecocanje con el fin de minimizar el impacto de los residuos generados por la fiesta. Los visitantes entregaron material pl\u00e1stico reciclable y a cambio participaron del sorteo de una bicicleta que se entreg\u00f3 en el lugar.<\/p>\n\n\n\n<p>Adem\u00e1s, el jueves 15 en el marco del D\u00eda Provincial del \u00c1rbol se realiz\u00f3 la forestaci\u00f3n de 1200 metros de extensi\u00f3n, desde la Ruta Nacional 142 hasta el pueblo de La Asunci\u00f3n, plantando m\u00e1s de 300 ejemplares nativos, junto a vecinos de la comunidad, estudiantes y grupos juveniles del departamento.<\/p>\n\n\n\n<h3 class=\"wp-block-heading\">Uni\u00f3n de esfuerzos y voluntades<\/h3>\n\n\n\n<p>La Comunidad y el Municipio aseguran que la organizaci\u00f3n de esta tradicional celebraci\u00f3n demanda esfuerzo y la suma de muchas voluntades, con el prop\u00f3sito de cuidar y fortalecer los valores culturales que representa esta festividad.<\/p>\n\n\n\n<p>Agradecieron a las familias del lugar por abrir sus puertas y trabajar sin descanso, a numerosas \u00e1reas del Municipio que dedican su tiempo para el mantenimiento de calles, la iluminaci\u00f3n de cada sector, los servicios y promoci\u00f3n de las actividades, entre otras tareas de log\u00edstica que se ejecutan para organizar este evento convocante.<\/p>\n\n\n\n<p><strong>Fuente: www.diariouno.com.ar<\/strong><\/p>\n","protected":false},"excerpt":{"rendered":"<p>M\u00e1s de 20 mil personas que llegaron hasta el pueblo de\u00a0La Asunci\u00f3n, en\u00a0Lavalle, para celebrar a la Virgen del Tr\u00e1nsito, en uno de actos de tradici\u00f3n popular en Mendoza que a\u00f1o a a\u00f1o convoca a miles de visitantes. Adem\u00e1s de las&nbsp;celebraciones religiosas, se realizaron distintas propuestas de turismo cultural&nbsp;que ofrece la comunidad de La Asunci\u00f3n. [&hellip;]<\/p>\n","protected":false},"author":2,"featured_media":8966,"comment_status":"open","ping_status":"open","sticky":false,"template":"","format":"standard","meta":[],"categories":[50],"tags":[],"_links":{"self":[{"href":"https:\/\/pasaenmendoza.com\/index.php?rest_route=\/wp\/v2\/posts\/8965"}],"collection":[{"href":"https:\/\/pasaenmendoza.com\/index.php?rest_route=\/wp\/v2\/posts"}],"about":[{"href":"https:\/\/pasaenmendoza.com\/index.php?rest_route=\/wp\/v2\/types\/post"}],"author":[{"embeddable":true,"href":"https:\/\/pasaenmendoza.com\/index.php?rest_route=\/wp\/v2\/users\/2"}],"replies":[{"embeddable":true,"href":"https:\/\/pasaenmendoza.com\/index.php?rest_route=%2Fwp%2Fv2%2Fcomments&post=8965"}],"version-history":[{"count":1,"href":"https:\/\/pasaenmendoza.com\/index.php?rest_route=\/wp\/v2\/posts\/8965\/revisions"}],"predecessor-version":[{"id":8967,"href":"https:\/\/pasaenmendoza.com\/index.php?rest_route=\/wp\/v2\/posts\/8965\/revisions\/8967"}],"wp:featuredmedia":[{"embeddable":true,"href":"https:\/\/pasaenmendoza.com\/index.php?rest_route=\/wp\/v2\/media\/8966"}],"wp:attachment":[{"href":"https:\/\/pasaenmendoza.com\/index.php?rest_route=%2Fwp%2Fv2%2Fmedia&parent=8965"}],"wp:term":[{"taxonomy":"category","embeddable":true,"href":"https:\/\/pasaenmendoza.com\/index.php?rest_route=%2Fwp%2Fv2%2Fcategories&post=8965"},{"taxonomy":"post_tag","embeddable":true,"href":"https:\/\/pasaenmendoza.com\/index.php?rest_route=%2Fwp%2Fv2%2Ftags&post=8965"}],"curies":[{"name":"wp","href":"https:\/\/api.w.org\/{rel}","templated":true}]}}