{"id":897,"date":"2023-08-24T14:09:20","date_gmt":"2023-08-24T12:09:20","guid":{"rendered":"https:\/\/pasaenmendoza.com\/?p=897"},"modified":"2023-08-24T14:09:20","modified_gmt":"2023-08-24T12:09:20","slug":"la-procuradora-de-la-nacion-dio-via-libre-para-que-la-corte-resuelva-la-demanda-de-mendoza-al-bcra","status":"publish","type":"post","link":"https:\/\/pasaenmendoza.com\/?p=897","title":{"rendered":"La procuradora de la Naci\u00f3n dio v\u00eda libre para que la Corte resuelva la demanda de Mendoza al BCRA"},"content":{"rendered":"\n<p>El caso de\u00a0<strong>Mendoza contra el Banco Central de la Rep\u00fablica Argentina (BCRA) por el cepo a las provincias<\/strong>\u00a0avanza ante la Corte Suprema de Justicia luego de que la procuradora fiscal\u00a0<strong>Laura Monti<\/strong>\u00a0dictaminara en favor de la competencia originaria del m\u00e1ximo tribunal.<\/p>\n\n\n\n<p>De esta manera, efectivamente&nbsp;<strong>ser\u00e1 la Corte la que deba resolver la acci\u00f3n declarativa de certeza&nbsp;<\/strong>que interpuso el Gobierno mendocino, junto a la cautelar de no innovar que la acompa\u00f1\u00f3.<\/p>\n\n\n\n<p>Lo que busca el Gobierno es que lo antes posible -teniendo en cuenta que<strong>\u00a0el 19 de septiembre tiene un vencimiento de la deuda en d\u00f3lares<\/strong>-, la Corte resuelva la\u00a0<strong>cautelar<\/strong>\u00a0para no tener que cumplir el mes que viene la medida adoptada por el Central que\u00a0<strong>dificulta el acceso al d\u00f3lar oficial<\/strong>\u00a0en el pago de sus\u00a0<strong>deudas en moneda extranjera<\/strong>.<\/p>\n\n\n\n<h2 class=\"wp-block-heading\">Avanza en la Corte el caso contra el BCRA por el cepo a las provincias<\/h2>\n\n\n\n<p>La demanda de Mendoza ingres\u00f3 al Poder Judicial el pasado 14 de julio, antes de la feria judicial.<\/p>\n\n\n\n<p>A principios de agosto,&nbsp;<strong>el expediente pas\u00f3 a la Procuradur\u00eda&nbsp;<\/strong>para que se expida acerca de la&nbsp;<strong>competencia<\/strong>&nbsp;de la Corte Suprema.<\/p>\n\n\n\n<p>La procuradora fiscal Laura Monti opin\u00f3 que &#8220;la causa debe tramitar ante los estrados del Tribunal&#8221;. &#8220;A mi modo de ver, en atenci\u00f3n a la naturaleza de las partes que han de intervenir en el pleito, el sub lite corresponde a la\u00a0<strong>competencia originaria de la Corte<\/strong>\u00a0<em>ratione personae<\/em>&#8220;, dictamin\u00f3 y dio pase al m\u00e1ximo tribunal.<\/p>\n\n\n\n<p><strong>Ahora ser\u00e1 la Corte la que deba resolver, primero la cautelar y luego el fondo de la cuesti\u00f3n.<\/strong><\/p>\n\n\n\n<p>Lo que solicit\u00f3 Mendoza en primer lugar, como\u00a0<strong>medida cautelar innovativa<\/strong>, es que se suspendan de los efectos de la Comunicaci\u00f3n \u201cA\u201d 7782 del BCRA y de sus actos de aplicaci\u00f3n.<\/p>\n\n\n\n<p>Y luego,&nbsp;<strong>que se declare con certeza si la resoluci\u00f3n del Banco Central sobre el cepo a las provincias es aplicable<\/strong>&nbsp;al pr\u00f3ximo vencimiento de obligaciones de la Provincia de Mendoza correspondientes a la operatoria PMM29, o si por el contrario se encuentra excluida.<\/p>\n\n\n\n<p>Esa resoluci\u00f3n que ataca Mendoza es la que se\u00f1ala que el Banco Central brindar\u00e1 acceso a d\u00f3lar oficial\u00a0<strong>solo hasta el 40%<\/strong>\u00a0de lo que tiene que pagar por capital en cada vencimiento y que para el<strong>\u00a060%\u00a0<\/strong>restante deber\u00e1:\u00a0<strong>usar sus d\u00f3lares -si los tuviera-, comprarlos en el mercado al valor del Mercado Electr\u00f3nico de Pagos (MEP) o refinanciar la deuda.<\/strong><\/p>\n\n\n\n<p>La primera duda del equipo legal pasa por&nbsp;<strong>saber si esa normativa es aplicable a Mendoza<\/strong>, dado que el punto 3.17.2.4. del mismo reglamento marca que quedan excluidas las refinanciaciones posteriores al 01 de enero de 2020.<\/p>\n\n\n\n<p>Ahora bien,&nbsp;<strong>si la Corte resolviera que efectivamente le es aplicable, Mendoza pide que se declare la inconstitucionalidad&nbsp;<\/strong>de la normativa del Central.<\/p>\n\n\n\n<p>En sus argumentos, la Provincia se\u00f1ala que<strong>\u00a0la norma implica pr\u00e1cticamente la imposibilidad de acceder al d\u00f3lar para cancelar en tiempo y forma el vencimiento de septiembre<\/strong>; y que ello es un abuso por parte del BCRA que se est\u00e1 &#8220;inmiscuyendo en la autonom\u00eda administrativa y financiera de la Provincia de Mendoza,<strong>\u00a0atentando directamente contra la buena fe y lealtad federal<\/strong>\u00a0que es pilar fundacional de nuestra Constituci\u00f3n Nacional&#8221;.<\/p>\n\n\n\n<p>Adem\u00e1s, Mendoza aduce que el instrumento mediante el cual se decidi\u00f3 el cepo &#8220;adolece de vicios groseros en todos sus elementos constitutivos&#8221;.<\/p>\n\n\n\n<p><strong>Fuente: www.diariouno.com.ar<\/strong><\/p>\n","protected":false},"excerpt":{"rendered":"<p>El caso de\u00a0Mendoza contra el Banco Central de la Rep\u00fablica Argentina (BCRA) por el cepo a las provincias\u00a0avanza ante la Corte Suprema de Justicia luego de que la procuradora fiscal\u00a0Laura Monti\u00a0dictaminara en favor de la competencia originaria del m\u00e1ximo tribunal. De esta manera, efectivamente&nbsp;ser\u00e1 la Corte la que deba resolver la acci\u00f3n declarativa de certeza&nbsp;que [&hellip;]<\/p>\n","protected":false},"author":2,"featured_media":900,"comment_status":"open","ping_status":"open","sticky":false,"template":"","format":"standard","meta":[],"categories":[47],"tags":[],"_links":{"self":[{"href":"https:\/\/pasaenmendoza.com\/index.php?rest_route=\/wp\/v2\/posts\/897"}],"collection":[{"href":"https:\/\/pasaenmendoza.com\/index.php?rest_route=\/wp\/v2\/posts"}],"about":[{"href":"https:\/\/pasaenmendoza.com\/index.php?rest_route=\/wp\/v2\/types\/post"}],"author":[{"embeddable":true,"href":"https:\/\/pasaenmendoza.com\/index.php?rest_route=\/wp\/v2\/users\/2"}],"replies":[{"embeddable":true,"href":"https:\/\/pasaenmendoza.com\/index.php?rest_route=%2Fwp%2Fv2%2Fcomments&post=897"}],"version-history":[{"count":1,"href":"https:\/\/pasaenmendoza.com\/index.php?rest_route=\/wp\/v2\/posts\/897\/revisions"}],"predecessor-version":[{"id":901,"href":"https:\/\/pasaenmendoza.com\/index.php?rest_route=\/wp\/v2\/posts\/897\/revisions\/901"}],"wp:featuredmedia":[{"embeddable":true,"href":"https:\/\/pasaenmendoza.com\/index.php?rest_route=\/wp\/v2\/media\/900"}],"wp:attachment":[{"href":"https:\/\/pasaenmendoza.com\/index.php?rest_route=%2Fwp%2Fv2%2Fmedia&parent=897"}],"wp:term":[{"taxonomy":"category","embeddable":true,"href":"https:\/\/pasaenmendoza.com\/index.php?rest_route=%2Fwp%2Fv2%2Fcategories&post=897"},{"taxonomy":"post_tag","embeddable":true,"href":"https:\/\/pasaenmendoza.com\/index.php?rest_route=%2Fwp%2Fv2%2Ftags&post=897"}],"curies":[{"name":"wp","href":"https:\/\/api.w.org\/{rel}","templated":true}]}}