{"id":8971,"date":"2024-08-19T22:55:16","date_gmt":"2024-08-19T20:55:16","guid":{"rendered":"https:\/\/pasaenmendoza.com\/?p=8971"},"modified":"2024-08-19T22:55:17","modified_gmt":"2024-08-19T20:55:17","slug":"asesinaron-a-cinco-personas-en-mendoza-el-fin-de-semana-y-buscan-a-los-autores","status":"publish","type":"post","link":"https:\/\/pasaenmendoza.com\/?p=8971","title":{"rendered":"Asesinaron a cinco personas en Mendoza el fin de semana y buscan a los autores"},"content":{"rendered":"\n<p>Un fin de semana a sangre fr\u00eda se vivi\u00f3 en\u00a0<strong>Mendoza\u00a0<\/strong>con cinco\u00a0<strong>asesinatos<\/strong>\u00a0entre el s\u00e1bado y el domingo en diferentes hechos ocurridos en\u00a0<strong>Las Heras<\/strong>,\u00a0<strong>Capital\u00a0<\/strong>y\u00a0<strong>Godoy Cruz<\/strong>, donde murieron una mujer de 66 a\u00f1os, un chico de 15 a\u00f1os, dos hombres de 22 y 34 a\u00f1os y un hombre de 77. Cuatro de los homicidios estar\u00edan vinculados a temas de drogas, mientras que el \u00faltimo fue en un asalto. No hay detenidos en ninguno de los cr\u00edmenes.<\/p>\n\n\n\n<p>El \u00faltimo de los\u00a0<strong>asesinatos\u00a0<\/strong>fue el de\u00a0<strong>Juan Antonio Garc\u00eda<\/strong>, de\u00a0<strong>77 a\u00f1os<\/strong>. Fue su sobrino quien lo encontr\u00f3 sin vida en el ba\u00f1o de su casa del barrio Esperanza III, en\u00a0<strong>Godoy Cruz<\/strong>. alrededor de las 11.30 del domingo.<\/p>\n\n\n\n<p>Llam\u00f3 a la Polic\u00eda y cuando llegaron al lugar les detall\u00f3 que encontr\u00f3 la puerta de la casa entreabierta. Al ingresar su t\u00edo no respond\u00eda y lo encontr\u00f3&nbsp;<strong>muerto&nbsp;<\/strong>en el ba\u00f1o. Estaba atado de pies y las manos hacia atr\u00e1s de la espalda.<\/p>\n\n\n\n<p>Cient\u00edfica trabaj\u00f3 en la escena del&nbsp;<strong>asesinato<\/strong>&nbsp;y detall\u00f3 que Garc\u00eda hab\u00eda sufrido un golpe en la cabeza y esa podr\u00eda haber sido la causa de muerte, aunque ser\u00e1 determinado por el&nbsp;<strong>Cuerpo M\u00e9dico Forense<\/strong>.<\/p>\n\n\n\n<p>Los investigadores de\u00a0<strong>Homicidios\u00a0<\/strong>determinaron que el\u00a0<strong>asesinato\u00a0<\/strong>ocurri\u00f3 tras un robo, ya que faltaba el televisor y otros elementos de la v\u00edctima.<\/p>\n\n\n\n<h2 class=\"wp-block-heading\">M\u00e1s asesinatos durante el fin de semana<\/h2>\n\n\n\n<p><strong>Guillermo Nicol\u00e1s Quinteros<\/strong>, de&nbsp;<strong>22 a\u00f1os<\/strong>, fue&nbsp;<strong>asesinado&nbsp;<\/strong>cerca de las 22.30 del s\u00e1bado en un enfrentamiento a los tiros en el barrio Paulo VI, de&nbsp;<strong>Godoy Cruz<\/strong>. Un llamado al 911 alert\u00f3 sobre un tiroteo y cuando la Polic\u00eda lleg\u00f3 encontr\u00f3 al joven sin vida con una herida de bala en su p\u00f3mulo derecho.<\/p>\n\n\n\n<p>Quinteros no ten\u00eda antecedentes. Alrededor de su cuerpo encontraron varios casquillos de&nbsp;<strong>proyectiles&nbsp;<\/strong>y creen que \u00e9l tambi\u00e9n dispar\u00f3 en medio del ataque junto a otras personas que se habr\u00edan llevado su arma antes que llegara la&nbsp;<strong>Polic\u00eda<\/strong>. Adem\u00e1s, constataron que Quinteros llevaba puestos guantes de l\u00e1tex.<\/p>\n\n\n\n<p>Testigos indicaron que ocurri\u00f3 cuando un veh\u00edculo pas\u00f3 donde estaba el grupo y dispararon contra ellos. Los pesquisas se\u00f1alaron que el m\u00f3vil del\u00a0<strong>asesinato<\/strong>\u00a0tuvo que ver con la venta de\u00a0<strong>drogas<\/strong>.<\/p>\n\n\n\n<p>En la madrugada del s\u00e1bado ocurrieron los otros tres&nbsp;<strong>asesinatos<\/strong>, dos de ellos en&nbsp;<strong>Las Heras<\/strong>. El primero fue a las 0.45 y tuvo como v\u00edctima a<strong>&nbsp;Juan Emiliano jofr\u00e9<\/strong>, de&nbsp;<strong>34 a\u00f1os<\/strong>, quien recibi\u00f3 un disparo en el medio del pecho y en su brazo izquierdo.<\/p>\n\n\n\n<p>Jofr\u00e9 estaba con un amigo cuando otro fue a enfrentarlo. Testigos indicaron que ocurri\u00f3 en calle Almafuerte al 1.300, de Las Heras, donde fue\u00a0<strong>asesinado<\/strong>. La pelea habr\u00eda tenido que ver por problemas de\u00a0<strong>drogas<\/strong>. En medio de la discusi\u00f3n el agresor sac\u00f3 un arma de fuego y le dispar\u00f3 a muy corta distancia. Cuando la v\u00edctima cay\u00f3, el autor escap\u00f3 en segundos.<\/p>\n\n\n\n<p>El otro crimen en Las Heras fue el de Luisa Jacinta Coria, de 66 a\u00f1os, quien muri\u00f3 en el interior de su casa de calle Aguado 2.725, de Las Heras alrededor de la 1.10 del s\u00e1bado.<\/p>\n\n\n\n<p>Los vecinos llamaron a la Polic\u00eda y alertaron sobre un tiroteo hacia el frente de la casa de Coria. Cuando llegaron encontraron a la mujer sin vida luego de recibir un disparo en el pecho. Cient\u00edfica secuestr\u00f3 vainas servidas de calibre 22 y 9 mil\u00edmetros.<\/p>\n\n\n\n<p>Su hijo cont\u00f3 que ten\u00eda problemas de vieja data con dos sobrinos, uno de ellos preso en el penal. Los investigadores de Homicidios creen que el ataque pudo haber sido por eso, o tambi\u00e9n por la venta de drogas que la mujer hac\u00eda en su casa.<\/p>\n\n\n\n<h2 class=\"wp-block-heading\">Un chico de 15 a\u00f1os asesinado a pu\u00f1aladas<\/h2>\n\n\n\n<p>A las 2.45 del s\u00e1bado\u00a0<strong>Luciano Maximiliano Videla<\/strong>, fue llevado en moto por dos hombres hasta la guardia del\u00a0<strong>Hospital Lagomaggiore<\/strong>, donde lo tiraron y abandonaron. Estaba muy herido e inmediatamente lo ingresaron.<\/p>\n\n\n\n<p>Los m\u00e9dicos encontraron que el chico hab\u00eda sido&nbsp;<strong>apu\u00f1alado&nbsp;<\/strong>en el t\u00f3rax, en la espalda y en la cabeza, y pocos minutos despu\u00e9s confirmaron su&nbsp;<strong>muerte<\/strong>.<\/p>\n\n\n\n<p>Al revisarle su ropa, encontraron que el chico ten\u00eda\u00a0<strong>27 envoltorios con coca\u00edna<\/strong>, adem\u00e1s de dinero en efectivo, por lo que la investigaci\u00f3n apunta hacia un problema con la venta de\u00a0<strong>drogas<\/strong>.<\/p>\n\n\n\n<p><strong>Fuente: www.diariouno.com.ar<\/strong><\/p>\n","protected":false},"excerpt":{"rendered":"<p>Un fin de semana a sangre fr\u00eda se vivi\u00f3 en\u00a0Mendoza\u00a0con cinco\u00a0asesinatos\u00a0entre el s\u00e1bado y el domingo en diferentes hechos ocurridos en\u00a0Las Heras,\u00a0Capital\u00a0y\u00a0Godoy Cruz, donde murieron una mujer de 66 a\u00f1os, un chico de 15 a\u00f1os, dos hombres de 22 y 34 a\u00f1os y un hombre de 77. Cuatro de los homicidios estar\u00edan vinculados a temas [&hellip;]<\/p>\n","protected":false},"author":2,"featured_media":8972,"comment_status":"open","ping_status":"open","sticky":false,"template":"","format":"standard","meta":[],"categories":[48],"tags":[],"_links":{"self":[{"href":"https:\/\/pasaenmendoza.com\/index.php?rest_route=\/wp\/v2\/posts\/8971"}],"collection":[{"href":"https:\/\/pasaenmendoza.com\/index.php?rest_route=\/wp\/v2\/posts"}],"about":[{"href":"https:\/\/pasaenmendoza.com\/index.php?rest_route=\/wp\/v2\/types\/post"}],"author":[{"embeddable":true,"href":"https:\/\/pasaenmendoza.com\/index.php?rest_route=\/wp\/v2\/users\/2"}],"replies":[{"embeddable":true,"href":"https:\/\/pasaenmendoza.com\/index.php?rest_route=%2Fwp%2Fv2%2Fcomments&post=8971"}],"version-history":[{"count":1,"href":"https:\/\/pasaenmendoza.com\/index.php?rest_route=\/wp\/v2\/posts\/8971\/revisions"}],"predecessor-version":[{"id":8973,"href":"https:\/\/pasaenmendoza.com\/index.php?rest_route=\/wp\/v2\/posts\/8971\/revisions\/8973"}],"wp:featuredmedia":[{"embeddable":true,"href":"https:\/\/pasaenmendoza.com\/index.php?rest_route=\/wp\/v2\/media\/8972"}],"wp:attachment":[{"href":"https:\/\/pasaenmendoza.com\/index.php?rest_route=%2Fwp%2Fv2%2Fmedia&parent=8971"}],"wp:term":[{"taxonomy":"category","embeddable":true,"href":"https:\/\/pasaenmendoza.com\/index.php?rest_route=%2Fwp%2Fv2%2Fcategories&post=8971"},{"taxonomy":"post_tag","embeddable":true,"href":"https:\/\/pasaenmendoza.com\/index.php?rest_route=%2Fwp%2Fv2%2Ftags&post=8971"}],"curies":[{"name":"wp","href":"https:\/\/api.w.org\/{rel}","templated":true}]}}