{"id":8975,"date":"2024-08-21T00:01:54","date_gmt":"2024-08-20T22:01:54","guid":{"rendered":"https:\/\/pasaenmendoza.com\/?p=8975"},"modified":"2024-08-21T00:01:56","modified_gmt":"2024-08-20T22:01:56","slug":"nevadas-en-el-llano-asi-seguira-el-clima-en-mendoza","status":"publish","type":"post","link":"https:\/\/pasaenmendoza.com\/?p=8975","title":{"rendered":"\u00bfNevadas en el llano? As\u00ed seguir\u00e1 el clima en Mendoza"},"content":{"rendered":"\n<p>El&nbsp;<strong>fr\u00edo<\/strong>&nbsp;se hace sentir en&nbsp;Mendoza, trayendo consigo d\u00edas grises y temperaturas muy bajas que se extender\u00e1n al menos hasta el jueves.<\/p>\n\n\n\n<p>Seg\u00fan el pron\u00f3stico extendido, esta semana la provincia se encuentra bajo los efectos de una nueva ola polar que podr\u00eda provocar precipitaciones en forma de&nbsp;<strong>nieve<\/strong>&nbsp;en distintas zonas del llano, acompa\u00f1adas por vientos moderados del sudeste.<\/p>\n\n\n\n<p>A partir de la tarde noche de este martes&nbsp;podr\u00edan registrarse&nbsp;<strong>nevadas<\/strong>&nbsp;y aguanieve en el oeste de Mendoza. Las \u00e1reas m\u00e1s afectadas ser\u00edan Malarg\u00fce, el oeste del Valle de Uco, Luj\u00e1n de Cuyo, Potrerillos, Las Heras y el oeste de la capital provincial.<\/p>\n\n\n\n<p>En la zona de alta monta\u00f1a, se prev\u00e9n&nbsp;<strong>nevadas<\/strong>&nbsp;d\u00e9biles a moderadas, con intermitencias, que continuar\u00e1n por lo menos hasta el jueves. Estos d\u00edas se caracterizar\u00e1n por estar mayormente nublados y fr\u00edos, con la posibilidad de precipitaciones aisladas.<\/p>\n\n\n\n<p>Ma\u00f1ana se espera que la jornada est\u00e9\u00a0mayormente nublada y fr\u00eda, con precipitaciones aisladas y vientos del sudeste. Adem\u00e1s continuar\u00e1n las nevadas d\u00e9biles. La temperatura m\u00e1xima alcanzar\u00e1 los 6 grados, mientras que la m\u00ednima ser\u00e1 de 1 grado.<\/p>\n\n\n\n<p>Para el jueves se espera que las condiciones comiencen a mejorar con una disminuci\u00f3n de la nubosidad y un leve ascenso de la temperatura. Se esperan heladas parciales y mejoras en la cordillera. La m\u00e1xima se ubicar\u00e1 en 12 grados y la m\u00ednima en 0 grados.<\/p>\n\n\n\n<p>En tanto el Paso Internacional Cristo Redentor permanece cerrado para todo tipo de veh\u00edculos, seg\u00fan informaron desde la Direcci\u00f3n Internacional Para Asuntos T\u00e9cnicos de Fronteras, debido a las condiciones clim\u00e1ticas adversas.<\/p>\n\n\n\n<p><strong>Fuente: www.mdzol.com<\/strong><\/p>\n","protected":false},"excerpt":{"rendered":"<p>El&nbsp;fr\u00edo&nbsp;se hace sentir en&nbsp;Mendoza, trayendo consigo d\u00edas grises y temperaturas muy bajas que se extender\u00e1n al menos hasta el jueves. Seg\u00fan el pron\u00f3stico extendido, esta semana la provincia se encuentra bajo los efectos de una nueva ola polar que podr\u00eda provocar precipitaciones en forma de&nbsp;nieve&nbsp;en distintas zonas del llano, acompa\u00f1adas por vientos moderados del sudeste. [&hellip;]<\/p>\n","protected":false},"author":2,"featured_media":8976,"comment_status":"open","ping_status":"open","sticky":false,"template":"","format":"standard","meta":[],"categories":[52],"tags":[],"_links":{"self":[{"href":"https:\/\/pasaenmendoza.com\/index.php?rest_route=\/wp\/v2\/posts\/8975"}],"collection":[{"href":"https:\/\/pasaenmendoza.com\/index.php?rest_route=\/wp\/v2\/posts"}],"about":[{"href":"https:\/\/pasaenmendoza.com\/index.php?rest_route=\/wp\/v2\/types\/post"}],"author":[{"embeddable":true,"href":"https:\/\/pasaenmendoza.com\/index.php?rest_route=\/wp\/v2\/users\/2"}],"replies":[{"embeddable":true,"href":"https:\/\/pasaenmendoza.com\/index.php?rest_route=%2Fwp%2Fv2%2Fcomments&post=8975"}],"version-history":[{"count":1,"href":"https:\/\/pasaenmendoza.com\/index.php?rest_route=\/wp\/v2\/posts\/8975\/revisions"}],"predecessor-version":[{"id":8977,"href":"https:\/\/pasaenmendoza.com\/index.php?rest_route=\/wp\/v2\/posts\/8975\/revisions\/8977"}],"wp:featuredmedia":[{"embeddable":true,"href":"https:\/\/pasaenmendoza.com\/index.php?rest_route=\/wp\/v2\/media\/8976"}],"wp:attachment":[{"href":"https:\/\/pasaenmendoza.com\/index.php?rest_route=%2Fwp%2Fv2%2Fmedia&parent=8975"}],"wp:term":[{"taxonomy":"category","embeddable":true,"href":"https:\/\/pasaenmendoza.com\/index.php?rest_route=%2Fwp%2Fv2%2Fcategories&post=8975"},{"taxonomy":"post_tag","embeddable":true,"href":"https:\/\/pasaenmendoza.com\/index.php?rest_route=%2Fwp%2Fv2%2Ftags&post=8975"}],"curies":[{"name":"wp","href":"https:\/\/api.w.org\/{rel}","templated":true}]}}