{"id":8981,"date":"2024-08-21T00:15:15","date_gmt":"2024-08-20T22:15:15","guid":{"rendered":"https:\/\/pasaenmendoza.com\/?p=8981"},"modified":"2024-08-21T00:15:17","modified_gmt":"2024-08-20T22:15:17","slug":"padrinazgo-voluntario-el-perfil-de-los-mendocinos-que-quieren-contener-a-mas-de-900-chicos","status":"publish","type":"post","link":"https:\/\/pasaenmendoza.com\/?p=8981","title":{"rendered":"Padrinazgo voluntario: el perfil de los mendocinos que quieren contener a m\u00e1s de 900 chicos"},"content":{"rendered":"\n<p>Hace un mes, el Gobierno de Mendoza puso en marcha una convocatoria para\u00a0<strong>apadrinar de manera voluntaria a m\u00e1s de 900 ni\u00f1os, ni\u00f1as o adolescentes de 1 a 17 a\u00f1os.<\/strong>\u00a0El pedido moviliz\u00f3 a cientos de mendocinos, entre ellos,\u00a0<strong>muchas mujeres j\u00f3venes, pero tambi\u00e9n hubo muchas consultas de hombres.<\/strong><\/p>\n\n\n\n<p>De acuerdo con datos oficiales,&nbsp;<strong>en 15 d\u00edas, unas 300 personas se inscribieron<\/strong>. Los datos son alentadores, superando las cifras del a\u00f1o pasado, incluso, las autoridades han tenido que incorporar colaboradores para dar respuesta a la cantidad de demanda<\/p>\n\n\n\n<p><strong>Mar\u00eda Eugenia Guglieri<\/strong>, coordinadora del programa de Acogimiento Familiar, dependiente del Ministerio de Educaci\u00f3n, Cultura, Infancias y DGE y de la Subsecretar\u00eda de Infancia y Juventudes, cont\u00f3 que \u201cel rol central de estas figuras consiste en&nbsp;<strong>contener, acompa\u00f1ar y proteger a estos chicos&nbsp;<\/strong>que est\u00e1n atravesando un proceso de separaci\u00f3n familiar de origen\u201d.<\/p>\n\n\n\n<h2 class=\"wp-block-heading\" id=\"h-el-amor-todo-lo-puede\">El amor todo lo puede<\/h2>\n\n\n\n<p>Est\u00e1 claro que la convocatoria, que tuvo gran difusi\u00f3n en los medios locales, moviliz\u00f3 a todos los mendocinos. Si bien se esperaba que fueran m\u00e1s mujeres las que accedieran al llamado voluntario, desde el Programa contaron que se sorprendieron por el gran inter\u00e9s de hombres.<\/p>\n\n\n\n<p>A la hora de dar cuenta sobre el perfil de los postulantes, Guglieri refiri\u00f3 que \u201cse postularon muchas personas j\u00f3venes, con&nbsp;<strong>una edad promedio que ronda entre los 30 y 35 a\u00f1os\u201d.<\/strong><\/p>\n\n\n\n<p>Respecto al lugar de residencia de los voluntarios,&nbsp;<strong>la mayor\u00eda reside en el Gran Mendoza<\/strong>. Tambi\u00e9n<strong>&nbsp;hubo unas 60 consultas del Valle de Uco, zona Este y Sur<\/strong>. La convocatoria est\u00e1 abierta para toda la provincia.<\/p>\n\n\n\n<p>Finalmente, Guglieri cont\u00f3 detalles sobre las&nbsp;<strong>preferencias de edades a la hora de acompa\u00f1ar a un ni\u00f1o, ni\u00f1a o adolescente.<\/strong><\/p>\n\n\n\n<p>\u201c<em>Por el momento, lo que tenemos es gran cantidad de candidatos. Son muy pocos los que piden acompa\u00f1ar a un ni\u00f1o de una determinada edad.&nbsp;<strong>Algunas personas se han contactado con la intenci\u00f3n inicial de apadrinar a un adolescente o joven&nbsp;<\/strong>y eso es hermoso porque pueden ser referentes en su camino a la autonom\u00eda progresiva, es decir, cuando egresan del Hogar, una vez que cumplen la mayor\u00eda de edad<\/em>\u201c, expres\u00f3 la funcionaria.<\/p>\n\n\n\n<h2 class=\"wp-block-heading\" id=\"h-requisitos-a-tener-en-cuenta\">Requisitos a tener en cuenta<\/h2>\n\n\n\n<p>La convocatoria contin\u00faa abierta para todos los mendocinos que quieran ser parte del Programa. Los que deseen ser parte de este grupo de madrinas y padrinos voluntarios tienen que cumplir una serie de<strong>&nbsp;requisitos<\/strong>:<\/p>\n\n\n\n<ul>\n<li>Ser mayores de edad.<\/li>\n\n\n\n<li>Residente de Mendoza.<\/li>\n\n\n\n<li>No estar inscripto en el Registro de Adopci\u00f3n<\/li>\n\n\n\n<li>No ser deudor alimentario ni tener limitada la responsabilidad parental.<\/li>\n\n\n\n<li>No tener antecedentes penales.<\/li>\n<\/ul>\n\n\n\n<p>Si cumplen con todas esas exigencias, los interesados deber\u00e1n enviar un mail a&nbsp;<strong>apadrinamiento@mendoza.gov.ar.<\/strong>&nbsp;La documentaci\u00f3n a presentar es: DNI, Servicio o impuesto del domicilio actualizado, Certificado de Antecedentes Penales.<\/p>\n\n\n\n<p>Los interesados se someten a una entrevista psicol\u00f3gica que se hace extensiva a la red conviviente. Asimismo, se les realiza una entrevista socio ambiental en la vivienda.<\/p>\n\n\n\n<p><strong>Fuente: www.elsol.com.ar<\/strong><\/p>\n","protected":false},"excerpt":{"rendered":"<p>Hace un mes, el Gobierno de Mendoza puso en marcha una convocatoria para\u00a0apadrinar de manera voluntaria a m\u00e1s de 900 ni\u00f1os, ni\u00f1as o adolescentes de 1 a 17 a\u00f1os.\u00a0El pedido moviliz\u00f3 a cientos de mendocinos, entre ellos,\u00a0muchas mujeres j\u00f3venes, pero tambi\u00e9n hubo muchas consultas de hombres. De acuerdo con datos oficiales,&nbsp;en 15 d\u00edas, unas 300 [&hellip;]<\/p>\n","protected":false},"author":2,"featured_media":8982,"comment_status":"open","ping_status":"open","sticky":false,"template":"","format":"standard","meta":[],"categories":[50],"tags":[],"_links":{"self":[{"href":"https:\/\/pasaenmendoza.com\/index.php?rest_route=\/wp\/v2\/posts\/8981"}],"collection":[{"href":"https:\/\/pasaenmendoza.com\/index.php?rest_route=\/wp\/v2\/posts"}],"about":[{"href":"https:\/\/pasaenmendoza.com\/index.php?rest_route=\/wp\/v2\/types\/post"}],"author":[{"embeddable":true,"href":"https:\/\/pasaenmendoza.com\/index.php?rest_route=\/wp\/v2\/users\/2"}],"replies":[{"embeddable":true,"href":"https:\/\/pasaenmendoza.com\/index.php?rest_route=%2Fwp%2Fv2%2Fcomments&post=8981"}],"version-history":[{"count":1,"href":"https:\/\/pasaenmendoza.com\/index.php?rest_route=\/wp\/v2\/posts\/8981\/revisions"}],"predecessor-version":[{"id":8983,"href":"https:\/\/pasaenmendoza.com\/index.php?rest_route=\/wp\/v2\/posts\/8981\/revisions\/8983"}],"wp:featuredmedia":[{"embeddable":true,"href":"https:\/\/pasaenmendoza.com\/index.php?rest_route=\/wp\/v2\/media\/8982"}],"wp:attachment":[{"href":"https:\/\/pasaenmendoza.com\/index.php?rest_route=%2Fwp%2Fv2%2Fmedia&parent=8981"}],"wp:term":[{"taxonomy":"category","embeddable":true,"href":"https:\/\/pasaenmendoza.com\/index.php?rest_route=%2Fwp%2Fv2%2Fcategories&post=8981"},{"taxonomy":"post_tag","embeddable":true,"href":"https:\/\/pasaenmendoza.com\/index.php?rest_route=%2Fwp%2Fv2%2Ftags&post=8981"}],"curies":[{"name":"wp","href":"https:\/\/api.w.org\/{rel}","templated":true}]}}