{"id":8987,"date":"2024-08-21T23:23:20","date_gmt":"2024-08-21T21:23:20","guid":{"rendered":"https:\/\/pasaenmendoza.com\/?p=8987"},"modified":"2024-08-21T23:23:21","modified_gmt":"2024-08-21T21:23:21","slug":"uno-por-uno-asi-quedan-las-cuotas-de-todos-los-colegios-privados-de-mendoza-tras-el-aumento-en-septiembre","status":"publish","type":"post","link":"https:\/\/pasaenmendoza.com\/?p=8987","title":{"rendered":"Uno por uno: as\u00ed quedan las cuotas de todos los colegios privados de Mendoza tras el aumento en septiembre"},"content":{"rendered":"\n<p>Un nuevo aumento en la\u00a0<strong>cuota\u00a0<\/strong>de los\u00a0<strong>colegios privados<\/strong>\u00a0de Mendoza asoma para el mes de septiembre. Seg\u00fan indic\u00f3 la DGE en una medida oficial, el incremento ser\u00e1 del 12,6% y regir\u00e1 para los pr\u00f3ximos dos meses. Tambi\u00e9n se difundi\u00f3 c\u00f3mo quedar\u00edan las cuotas de todos los\u00a0<strong>colegios privados<\/strong>\u00a0de la provincia en los que la\u00a0<strong>DGE\u00a0<\/strong>deja un aporte que puede ir del 30% al 100%.<\/p>\n\n\n\n<p>&#8220;La<strong>\u00a0Direcci\u00f3n General de Escuelas<\/strong>\u00a0ha realizado un an\u00e1lisis exhaustivo de la solicitud presentada por las asociaciones de colegios privados. El objetivo consiste determinar y precisar los indicadores para la re calibraci\u00f3n de la escala de equidad, as\u00ed como establecer la fecha en que esta re calibraci\u00f3n entrar\u00eda en vigor&#8221;, destacan desde el gobierno educativo. A su vez, indicaron que el incremento para los docentes privados fue del 10% y al porcentaje de\u00a0<strong>aumento\u00a0<\/strong>se le suman los n\u00fameros de la inflaci\u00f3n en promedio.<\/p>\n\n\n\n<p>La&nbsp;escala de equidad incluye los valores de referencia correspondiente a la&nbsp;<strong>resoluci\u00f3n&nbsp;<\/strong>que establece por Nivel (Primario, Secundario y Superior) y Educaci\u00f3n Especial, de acuerdo con el&nbsp;<strong>aporte&nbsp;<\/strong>que reciben. Es decir, si un colegio privado recibe un aporte del 30% su cuota ser\u00e1 m\u00e1s cara que la de un colegio que recibe un 50% o un 90% de aporte.<\/p>\n\n\n\n<p>A su vez, en la\u00a0<strong>secundaria\u00a0<\/strong>los valores son m\u00e1s altos y tambi\u00e9n en otros niveles de la educaci\u00f3n. La escala va respondiendo a la cantidad de aporte y el pr\u00f3ximo aumento se dar\u00eda reci\u00e9n en noviembre producto del acuerdo que hay entre las asociaciones de colegios privados y la DGE en su rama de la educaci\u00f3n privada.<\/p>\n\n\n\n<h2 class=\"wp-block-heading\">Cuota por cuota: as\u00ed quedan con el nuevo aumento<\/h2>\n\n\n\n<p>Si bien el incremento empieza a regir desde el 1 de septiembre pr\u00f3ximo, ya se encuentran publicados los valores que los padres tendr\u00e1n que afrontar desde el noveno mes del a\u00f1o y al menos hasta noviembre para abonar la educaci\u00f3n de sus hijos.<\/p>\n\n\n\n<p>Para conocer de cu\u00e1nto ser\u00e1 la cuota o cu\u00e1nto aporte del Estado recibe el\u00a0<strong>colegio\u00a0<\/strong>al que van tus hijos pod\u00e9s buscarlo en el siguiente documento en el que aparecen todos las instituciones de gesti\u00f3n privada con sus respectivos datos publicados por la DGE.<\/p>\n\n\n\n<p><strong>Fuente: www.mdzol.com<\/strong><\/p>\n","protected":false},"excerpt":{"rendered":"<p>Un nuevo aumento en la\u00a0cuota\u00a0de los\u00a0colegios privados\u00a0de Mendoza asoma para el mes de septiembre. Seg\u00fan indic\u00f3 la DGE en una medida oficial, el incremento ser\u00e1 del 12,6% y regir\u00e1 para los pr\u00f3ximos dos meses. Tambi\u00e9n se difundi\u00f3 c\u00f3mo quedar\u00edan las cuotas de todos los\u00a0colegios privados\u00a0de la provincia en los que la\u00a0DGE\u00a0deja un aporte que puede [&hellip;]<\/p>\n","protected":false},"author":2,"featured_media":8989,"comment_status":"open","ping_status":"open","sticky":false,"template":"","format":"standard","meta":[],"categories":[56],"tags":[],"_links":{"self":[{"href":"https:\/\/pasaenmendoza.com\/index.php?rest_route=\/wp\/v2\/posts\/8987"}],"collection":[{"href":"https:\/\/pasaenmendoza.com\/index.php?rest_route=\/wp\/v2\/posts"}],"about":[{"href":"https:\/\/pasaenmendoza.com\/index.php?rest_route=\/wp\/v2\/types\/post"}],"author":[{"embeddable":true,"href":"https:\/\/pasaenmendoza.com\/index.php?rest_route=\/wp\/v2\/users\/2"}],"replies":[{"embeddable":true,"href":"https:\/\/pasaenmendoza.com\/index.php?rest_route=%2Fwp%2Fv2%2Fcomments&post=8987"}],"version-history":[{"count":1,"href":"https:\/\/pasaenmendoza.com\/index.php?rest_route=\/wp\/v2\/posts\/8987\/revisions"}],"predecessor-version":[{"id":8990,"href":"https:\/\/pasaenmendoza.com\/index.php?rest_route=\/wp\/v2\/posts\/8987\/revisions\/8990"}],"wp:featuredmedia":[{"embeddable":true,"href":"https:\/\/pasaenmendoza.com\/index.php?rest_route=\/wp\/v2\/media\/8989"}],"wp:attachment":[{"href":"https:\/\/pasaenmendoza.com\/index.php?rest_route=%2Fwp%2Fv2%2Fmedia&parent=8987"}],"wp:term":[{"taxonomy":"category","embeddable":true,"href":"https:\/\/pasaenmendoza.com\/index.php?rest_route=%2Fwp%2Fv2%2Fcategories&post=8987"},{"taxonomy":"post_tag","embeddable":true,"href":"https:\/\/pasaenmendoza.com\/index.php?rest_route=%2Fwp%2Fv2%2Ftags&post=8987"}],"curies":[{"name":"wp","href":"https:\/\/api.w.org\/{rel}","templated":true}]}}