{"id":899,"date":"2023-08-24T14:12:41","date_gmt":"2023-08-24T12:12:41","guid":{"rendered":"https:\/\/pasaenmendoza.com\/?p=899"},"modified":"2023-08-24T14:12:42","modified_gmt":"2023-08-24T12:12:42","slug":"cual-es-el-panorama-a-menos-de-dos-semanas-de-las-elecciones-departamentales","status":"publish","type":"post","link":"https:\/\/pasaenmendoza.com\/?p=899","title":{"rendered":"Cu\u00e1l es el panorama a menos de dos semanas de las elecciones departamentales"},"content":{"rendered":"\n<p>Se esperan triunfos oficialistas en cinco municipios y comicios peleados en dos comunas clave.<\/p>\n\n\n\n<p>Septiembre es sin dudas el mes m\u00e1s importante para la&nbsp;<strong>pol\u00edtica mendocina<\/strong>, ya que se definir\u00e1 quienes conducir\u00e1n los destinos de los&nbsp;<strong>departamentos&nbsp;<\/strong>y de la provincia.<\/p>\n\n\n\n<p>La elecci\u00f3n nacional y el gran resultado obtenido por La Libertad Avanza en la provincia, encendieron las alarmas en los partidos tradicionales,&nbsp;<mark>desde donde aseguraron que los votantes supieron diferenciar a qui\u00e9n votar en los diferentes comicios.<\/mark><\/p>\n\n\n\n<p>El primer term\u00f3metro ser\u00e1n los comicios departamentales desdoblados del 3 de septiembre, que se realizar\u00e1n en&nbsp;<strong>Maip\u00fa, Lavalle, Santa Rosa, La Paz, Tunuy\u00e1n, San Carlos y San Rafael<\/strong>, siendo estas \u00faltimas dos las qua aparecen a priori como m\u00e1s parejas.<\/p>\n\n\n\n<h2 class=\"wp-block-heading\" id=\"h-san-rafael-y-san-carlos-con-resultado-abierto\">San Rafael y San Carlos con resultado abierto<\/h2>\n\n\n\n<p>Las primarias departamentales se llevaron a cabo el pasado 30 de abril y como era de esperarse los oficialismos triunfaron en las siete comunas, aunque en dos de ellas, la diferencia fue escasa, dejando la inc\u00f3gnita si el resultado se puede revertir.<\/p>\n\n\n\n<p>En San Carlos,&nbsp;<strong>Alejandro Morillas<\/strong>, candidato del oficialismo a suceder a&nbsp;<strong>Rolando Scanio<\/strong>, triunf\u00f3 con el 33,74% de los votos, apenas 4% m\u00e1s que&nbsp;<strong>Cambia Mendoza<\/strong>, frente en el que&nbsp;<strong>Silvio Panocchia<\/strong>&nbsp;se coron\u00f3 como vencedor en la interna.<\/p>\n\n\n\n<p>Desde el entorno de Morillas se mostraron confiados en obtener el triunfo y se\u00f1alaron que los d\u00edas previos a la elecci\u00f3n se viven con calma y recorriendo el departamento. \u201c<em>Tenemos confianza en nuestra gesti\u00f3n, sabemos las necesidades de la gente y estamos trabajando para mejorar en lo que nos falt\u00f3 trabajar<\/em>\u201c, asegur\u00f3.<\/p>\n\n\n\n<p>Por el lado de Panocchia, trabaja una estrategia bastante m\u00e1s agresiva, con el objetivo de seducir al votante de perfil liberal,<mark>&nbsp;eliminando secretar\u00edas para recortar el gasto p\u00fablico del municipio, permitiendo ahorrar alrededor de 100 millones de pesos al a\u00f1o.<\/mark><\/p>\n\n\n\n<p><em>\u201cHay que entender el mensaje claro de enojo de la gente, el ajuste se tiene que hacer en la pol\u00edtica, no en la gente. Vamos a reducir la cantidad de secretarias del municipio, que nos permitir\u00e1 reducir el gasto en 100 millones de pesos anuales. Es importante que la gente sepa que intentamos ser eficientes\u201d<\/em>, explic\u00f3 el candidato de Cambia Mendoza.<\/p>\n\n\n\n<p>En tanto, en&nbsp;<strong>San Rafael&nbsp;<\/strong>se dar\u00e1 la batalla m\u00e1s importante de las departamentales, en las que el peronismo, de la mano de Omar F\u00e9lix buscar\u00e1 mantener la comuna bajo el poder del peronismo, mientras que Abel Freidemberg intentar\u00e1 dar vuelta el resultado de las PASO.<\/p>\n\n\n\n<p>La pelea electoral se torna interesante, ya que la candidata a vicegobernadora de Alfredo Cornejo, Hebe Casado, es oriunda del departamento sure\u00f1o, y<mark>&nbsp;buscaran captar votos apoy\u00e1ndose en la figura de la referente del Pro.<\/mark><\/p>\n\n\n\n<p>\u201c<em>Apuntamos a recorrer el departamento, pero con propuestas, la gente quiere propuestas. En nuestra plataforma web est\u00e1n desarrollados los ejes con las propuestas, como as\u00ed tambi\u00e9n el equipo de trabajo. Hay que dar certezas de que, como y con quien vamos a llevar adelante la tarea, esto es clave<\/em>\u201c, expresaron desde el entorno del m\u00e9dico.<\/p>\n\n\n\n<p>En la vereda de enfrente, el oficialismo local buscar\u00e1n retener la comuna por cuatro a\u00f1os m\u00e1s y extender el dominio peronista en el departamento que gobiernan ininterrumpidamente desde el 2003.<\/p>\n\n\n\n<p>\u201c<em>Creemos que hemos hecho las cosas bien, y vamos a seguir trabajando en ese sentido. Es importante escuchar al ciudadano, llevar propuestas y claridad. Es lo que hace a\u00f1os que venimos haciendo. No creemos que haya lugar para perder la elecci\u00f3n<\/em>\u201c, explicaron desde el entorno \u00edntimo de los hermanos F\u00e9lix.<\/p>\n\n\n\n<h2 class=\"wp-block-heading\">El resto de los departamentos<\/h2>\n\n\n\n<p>Los comicios del tres de septiembre son hasta el momento, la \u00faltima esperanza de que el peronismo se mantenga vivo en la provincia.<\/p>\n\n\n\n<p>En\u00a0<strong>Lavalle<\/strong>, el candidato del Frente Eleg\u00ed es Edgardo Gonz\u00e1lez, quien venci\u00f3 en la interna a Leticia Katser y Gerardo Vaquier -este \u00faltimo respond\u00eda a Roberto Righi, ahora en La Uni\u00f3n Mendocina-.\u00a0<mark>El oficialismo alcanz\u00f3 el 67% de los votos y se encamina a mantener el departamento<\/mark>. En tanto, el j\u00f3ven Lucas Lupo de Cambia Mendoza ir\u00e1 por la haza\u00f1a.<\/p>\n\n\n\n<p>En&nbsp;<strong>Maip\u00fa<\/strong>, el actual intendente Mat\u00edas Stevanato&nbsp;<mark>obtuvo el 47% de los votos, un 20% m\u00e1s que el frente Cambia Mendoza<\/mark>, por el cual competir\u00e1 Mauricio Pinti Clop, quien sorprendi\u00f3 en la interna al derrotar al secretario de Relaciones Institucionales, N\u00e9stor Majul.<\/p>\n\n\n\n<p>La otra elecci\u00f3n del Valle de Uco se realizar\u00e1 en Tunuy\u00e1n, en donde el oficialista Emir Andraos, es el claro favorito a suceder a Mart\u00edn Aveiro. Por el lado de Cambia Mendoza, Luis L\u00f3pez venci\u00f3 en la interna y<mark>&nbsp;buscar\u00e1 revertir la elecci\u00f3n en la que el frente qued\u00f3 a m\u00e1s de 13% del peronismo.<\/mark><\/p>\n\n\n\n<p><mark>En el este provincial tambi\u00e9n parece complicada la posibilidad de un batacazo de Cambia Mendoza<\/mark>. Las contundentes victorias del peronismo, y el peso de los candidatos -la presidenta del partido Flor Dest\u00e9fanis en Santa Rosa y Fernando Ubieta en La Paz- llevan calma de cara a la primera elecci\u00f3n de septiembre.<\/p>\n\n\n\n<p>FUENTE: ELSOL.COM.AR<\/p>\n","protected":false},"excerpt":{"rendered":"<p>Se esperan triunfos oficialistas en cinco municipios y comicios peleados en dos comunas clave. Septiembre es sin dudas el mes m\u00e1s importante para la&nbsp;pol\u00edtica mendocina, ya que se definir\u00e1 quienes conducir\u00e1n los destinos de los&nbsp;departamentos&nbsp;y de la provincia. La elecci\u00f3n nacional y el gran resultado obtenido por La Libertad Avanza en la provincia, encendieron las [&hellip;]<\/p>\n","protected":false},"author":2,"featured_media":903,"comment_status":"open","ping_status":"open","sticky":true,"template":"","format":"standard","meta":[],"categories":[47],"tags":[],"_links":{"self":[{"href":"https:\/\/pasaenmendoza.com\/index.php?rest_route=\/wp\/v2\/posts\/899"}],"collection":[{"href":"https:\/\/pasaenmendoza.com\/index.php?rest_route=\/wp\/v2\/posts"}],"about":[{"href":"https:\/\/pasaenmendoza.com\/index.php?rest_route=\/wp\/v2\/types\/post"}],"author":[{"embeddable":true,"href":"https:\/\/pasaenmendoza.com\/index.php?rest_route=\/wp\/v2\/users\/2"}],"replies":[{"embeddable":true,"href":"https:\/\/pasaenmendoza.com\/index.php?rest_route=%2Fwp%2Fv2%2Fcomments&post=899"}],"version-history":[{"count":1,"href":"https:\/\/pasaenmendoza.com\/index.php?rest_route=\/wp\/v2\/posts\/899\/revisions"}],"predecessor-version":[{"id":904,"href":"https:\/\/pasaenmendoza.com\/index.php?rest_route=\/wp\/v2\/posts\/899\/revisions\/904"}],"wp:featuredmedia":[{"embeddable":true,"href":"https:\/\/pasaenmendoza.com\/index.php?rest_route=\/wp\/v2\/media\/903"}],"wp:attachment":[{"href":"https:\/\/pasaenmendoza.com\/index.php?rest_route=%2Fwp%2Fv2%2Fmedia&parent=899"}],"wp:term":[{"taxonomy":"category","embeddable":true,"href":"https:\/\/pasaenmendoza.com\/index.php?rest_route=%2Fwp%2Fv2%2Fcategories&post=899"},{"taxonomy":"post_tag","embeddable":true,"href":"https:\/\/pasaenmendoza.com\/index.php?rest_route=%2Fwp%2Fv2%2Ftags&post=899"}],"curies":[{"name":"wp","href":"https:\/\/api.w.org\/{rel}","templated":true}]}}