{"id":8991,"date":"2024-08-21T23:27:52","date_gmt":"2024-08-21T21:27:52","guid":{"rendered":"https:\/\/pasaenmendoza.com\/?p=8991"},"modified":"2024-08-21T23:27:53","modified_gmt":"2024-08-21T21:27:53","slug":"un-policia-se-defendio-de-un-asalto-domiciliario-con-su-arma-e-hirio-a-uno-de-los-delincuentes","status":"publish","type":"post","link":"https:\/\/pasaenmendoza.com\/?p=8991","title":{"rendered":"Un polic\u00eda se defendi\u00f3 de un asalto domiciliario con su arma e hiri\u00f3 a uno de los delincuentes"},"content":{"rendered":"\n<p>Un polic\u00eda franco de servicios sufri\u00f3&nbsp;<strong>un violento asalto en una vivienda de San Rafael<\/strong>&nbsp;y se defendi\u00f3 utilizando su arma reglamentaria,&nbsp;<strong>hiriendo de un balazo a uno de los tres malvivientes&nbsp;<\/strong>que lo abordaron e intentaron lesionarlo con un cuchillo.<\/p>\n\n\n\n<p><mark>El hecho de inseguridad ocurri\u00f3 durante la noche de este martes en zona de calles Los Lapachos y Rodr\u00edguez Pe\u00f1a<\/mark>, en Cuadro Nacional, y&nbsp;<strong>los autores del atraco fueron detenidos.<\/strong><\/p>\n\n\n\n<p>La reconstrucci\u00f3n inicial sostiene que, a las 20, uniformados de la jurisdicci\u00f3n de Comisar\u00eda 62\u00aa realizaban tareas operativas cuando escucharon una serie de detonaciones de arma de fuego.&nbsp;<strong>A unos 500 metros de distancia observaron que una persona ca\u00eda herida el piso&nbsp;<\/strong>y que un veh\u00edculo llegaba hasta la escena.<\/p>\n\n\n\n<p>Ante esto, surgi\u00f3 la novedad de que un colega hab\u00eda sufrido un atraco en su casa y que&nbsp;<strong>hab\u00eda disparado varias veces para intentar repeler el robo.<\/strong>&nbsp;Por lo que detallaron testigos y la propia v\u00edctima, quien presta servicios en la&nbsp;<mark>Unidad Especial de Patrullaje de San Carlos (UEP)<\/mark>, todo comenz\u00f3 cuando se encontr\u00f3 con tres ladrones en el interior de su domicilio, entre ellos,&nbsp;<strong>una mujer.<\/strong><\/p>\n\n\n\n<p>Los delincuentes lo abordaron utilizando una punta con el objetivo de robarle y el polic\u00eda comenz\u00f3 a forcejear. En un momento, sac\u00f3 su arma reglamentaria, una pistola calibre 9 mil\u00edmetros, y&nbsp;<strong>dispar\u00f3 -al menos- diez veces.<\/strong>&nbsp;Uno de los malvivientes sufri\u00f3 un balazo en una de sus piernas y qued\u00f3 detenido momentos despu\u00e9s. Los otros dos presuntos autores tambi\u00e9n fueron apresados durante los rastrillajes.<\/p>\n\n\n\n<p>Dos de los delincuentes detenidos dijeron que ten\u00edan 26 y 27 a\u00f1os e iban a ser imputados durante esta jornada por el hecho que perpetraron. Por su parte, como indica el protocolo,<mark>\u00a0la Justicia orden\u00f3 el secuestro del arma del efectivo para ser peritada<\/mark>. Desde el Sur provincial informaron que el polic\u00eda v\u00edctima del hecho de inseguridad declar\u00f3 e\u00a0<strong>iba a ser desligado<\/strong>\u00a0de cualquier tipo de responsabilidad penal.<\/p>\n\n\n\n<p><strong>Fuente: www.elsol.com.ar<\/strong><\/p>\n","protected":false},"excerpt":{"rendered":"<p>Un polic\u00eda franco de servicios sufri\u00f3&nbsp;un violento asalto en una vivienda de San Rafael&nbsp;y se defendi\u00f3 utilizando su arma reglamentaria,&nbsp;hiriendo de un balazo a uno de los tres malvivientes&nbsp;que lo abordaron e intentaron lesionarlo con un cuchillo. El hecho de inseguridad ocurri\u00f3 durante la noche de este martes en zona de calles Los Lapachos y [&hellip;]<\/p>\n","protected":false},"author":2,"featured_media":8992,"comment_status":"open","ping_status":"open","sticky":false,"template":"","format":"standard","meta":[],"categories":[48],"tags":[],"_links":{"self":[{"href":"https:\/\/pasaenmendoza.com\/index.php?rest_route=\/wp\/v2\/posts\/8991"}],"collection":[{"href":"https:\/\/pasaenmendoza.com\/index.php?rest_route=\/wp\/v2\/posts"}],"about":[{"href":"https:\/\/pasaenmendoza.com\/index.php?rest_route=\/wp\/v2\/types\/post"}],"author":[{"embeddable":true,"href":"https:\/\/pasaenmendoza.com\/index.php?rest_route=\/wp\/v2\/users\/2"}],"replies":[{"embeddable":true,"href":"https:\/\/pasaenmendoza.com\/index.php?rest_route=%2Fwp%2Fv2%2Fcomments&post=8991"}],"version-history":[{"count":1,"href":"https:\/\/pasaenmendoza.com\/index.php?rest_route=\/wp\/v2\/posts\/8991\/revisions"}],"predecessor-version":[{"id":8993,"href":"https:\/\/pasaenmendoza.com\/index.php?rest_route=\/wp\/v2\/posts\/8991\/revisions\/8993"}],"wp:featuredmedia":[{"embeddable":true,"href":"https:\/\/pasaenmendoza.com\/index.php?rest_route=\/wp\/v2\/media\/8992"}],"wp:attachment":[{"href":"https:\/\/pasaenmendoza.com\/index.php?rest_route=%2Fwp%2Fv2%2Fmedia&parent=8991"}],"wp:term":[{"taxonomy":"category","embeddable":true,"href":"https:\/\/pasaenmendoza.com\/index.php?rest_route=%2Fwp%2Fv2%2Fcategories&post=8991"},{"taxonomy":"post_tag","embeddable":true,"href":"https:\/\/pasaenmendoza.com\/index.php?rest_route=%2Fwp%2Fv2%2Ftags&post=8991"}],"curies":[{"name":"wp","href":"https:\/\/api.w.org\/{rel}","templated":true}]}}