{"id":8994,"date":"2024-08-21T23:31:18","date_gmt":"2024-08-21T21:31:18","guid":{"rendered":"https:\/\/pasaenmendoza.com\/?p=8994"},"modified":"2024-08-21T23:31:19","modified_gmt":"2024-08-21T21:31:19","slug":"los-comerciantes-no-sufriran-mas-retenciones-de-iva-y-ganancias-para-cobrar-con-medios-electronicos","status":"publish","type":"post","link":"https:\/\/pasaenmendoza.com\/?p=8994","title":{"rendered":"Los comerciantes no sufrir\u00e1n m\u00e1s retenciones de IVA y Ganancias para cobrar con medios electr\u00f3nicos"},"content":{"rendered":"\n<p>En el marco de la reglamentaci\u00f3n del Paquete Fiscal,\u00a0<strong>el Gobierno eliminar\u00e1 las retenciones a cuenta de\u00a0IVA\u00a0y Ganancias en las ventas de los comercios<\/strong>, anunci\u00f3 el Ministerio de Econom\u00eda. Medida clave para los\u00a0<strong>pagos con tarjeta o cualquier otro medio electr\u00f3nico\u00a0<\/strong>que implicar\u00e1 un cambio de relevancia en varios aspectos.<\/p>\n\n\n\n<p>En la reglamentaci\u00f3n del Paquete Fiscal, Econom\u00eda ampli\u00f3 los beneficios al sector privado. El art\u00edculo 102 del Paquete Fiscal defin\u00eda que estas excepciones ten\u00edan un l\u00edmite equivalente a 10.000 Unidades de Valor Adquisitivo (UVAs).<\/p>\n\n\n\n<p>La medida representa un\u00a0<strong>enorme beneficio al sector privado formal<\/strong>\u00a0que invierte y apuesta al crecimiento de la econom\u00eda argentina, dijo el Palacio de Hacienda.<\/p>\n\n\n\n<p>La medida se publicar\u00e1 en el Bolet\u00edn Oficial en los pr\u00f3ximos d\u00edas. Adem\u00e1s, consider\u00f3 que la medida permitir\u00e1 \u201cfomentar la formalizaci\u00f3n de las transacciones, la inclusi\u00f3n financiera y reducir los costos de los sistemas de pagos\u201d.<\/p>\n\n\n\n<p>Seg\u00fan Econom\u00eda, la decisi\u00f3n tambi\u00e9n permite avanzar en los objetivos del Gobierno Nacional de impulsar la actividad econ\u00f3mica y&nbsp;<strong>fomentar la utilizaci\u00f3n de los medios de pago&nbsp;<\/strong>que otorgan mayor transparencia y formalidad a la econom\u00eda.<\/p>\n\n\n\n<p><strong>El Gobierno convoc\u00f3 tambi\u00e9n a las provincias a que se adhieran a este r\u00e9gimen y eliminen las retenciones de Ingresos Brutos<\/strong>&nbsp;y otros tributos locales que se hayan establecido sobre los pagos comprendidos en la medida.<\/p>\n\n\n\n<p>La norma, que ser\u00e1 publicada en el Bolet\u00edn Oficial esta semana, implica que se dejan sin efecto los reg\u00edmenes de retenci\u00f3n mencionados para los pagos que se efect\u00faen a partir del 1\u00b0 de septiembre de 2024, inclusive.<\/p>\n\n\n\n<h2 class=\"wp-block-heading\">Apoyo de la CAME por la quita de impuestos<\/h2>\n\n\n\n<p>Ante la novedad, la Confederaci\u00f3n Argentina de la Mediana Empresa (CAME) apoy\u00f3 el anuncio.<\/p>\n\n\n\n<p>\u201cAl cobrar un importe mayor producto de esta eliminaci\u00f3n, el comerciante tendr\u00e1 mayor capital de trabajo para el desarrollo de su comercio. Esto, adem\u00e1s, incentivar\u00e1 la venta formal, ya que el comercio pyme recibir\u00e1 m\u00e1s fondos por cada liquidaci\u00f3n\u201d, destac\u00f3 el presidente de la CAME, Alfredo Gonz\u00e1lez.<\/p>\n\n\n\n<p><strong>Fuente: www.diariouno.com.ar<\/strong><\/p>\n","protected":false},"excerpt":{"rendered":"<p>En el marco de la reglamentaci\u00f3n del Paquete Fiscal,\u00a0el Gobierno eliminar\u00e1 las retenciones a cuenta de\u00a0IVA\u00a0y Ganancias en las ventas de los comercios, anunci\u00f3 el Ministerio de Econom\u00eda. Medida clave para los\u00a0pagos con tarjeta o cualquier otro medio electr\u00f3nico\u00a0que implicar\u00e1 un cambio de relevancia en varios aspectos. En la reglamentaci\u00f3n del Paquete Fiscal, Econom\u00eda ampli\u00f3 [&hellip;]<\/p>\n","protected":false},"author":2,"featured_media":8995,"comment_status":"open","ping_status":"open","sticky":false,"template":"","format":"standard","meta":[],"categories":[112],"tags":[],"_links":{"self":[{"href":"https:\/\/pasaenmendoza.com\/index.php?rest_route=\/wp\/v2\/posts\/8994"}],"collection":[{"href":"https:\/\/pasaenmendoza.com\/index.php?rest_route=\/wp\/v2\/posts"}],"about":[{"href":"https:\/\/pasaenmendoza.com\/index.php?rest_route=\/wp\/v2\/types\/post"}],"author":[{"embeddable":true,"href":"https:\/\/pasaenmendoza.com\/index.php?rest_route=\/wp\/v2\/users\/2"}],"replies":[{"embeddable":true,"href":"https:\/\/pasaenmendoza.com\/index.php?rest_route=%2Fwp%2Fv2%2Fcomments&post=8994"}],"version-history":[{"count":1,"href":"https:\/\/pasaenmendoza.com\/index.php?rest_route=\/wp\/v2\/posts\/8994\/revisions"}],"predecessor-version":[{"id":8996,"href":"https:\/\/pasaenmendoza.com\/index.php?rest_route=\/wp\/v2\/posts\/8994\/revisions\/8996"}],"wp:featuredmedia":[{"embeddable":true,"href":"https:\/\/pasaenmendoza.com\/index.php?rest_route=\/wp\/v2\/media\/8995"}],"wp:attachment":[{"href":"https:\/\/pasaenmendoza.com\/index.php?rest_route=%2Fwp%2Fv2%2Fmedia&parent=8994"}],"wp:term":[{"taxonomy":"category","embeddable":true,"href":"https:\/\/pasaenmendoza.com\/index.php?rest_route=%2Fwp%2Fv2%2Fcategories&post=8994"},{"taxonomy":"post_tag","embeddable":true,"href":"https:\/\/pasaenmendoza.com\/index.php?rest_route=%2Fwp%2Fv2%2Ftags&post=8994"}],"curies":[{"name":"wp","href":"https:\/\/api.w.org\/{rel}","templated":true}]}}