{"id":8997,"date":"2024-08-21T23:38:22","date_gmt":"2024-08-21T21:38:22","guid":{"rendered":"https:\/\/pasaenmendoza.com\/?p=8997"},"modified":"2024-08-21T23:38:23","modified_gmt":"2024-08-21T21:38:23","slug":"veronica-cangemi-se-reunio-con-el-presidente-javier-milei-para-poner-en-marcha-su-proyecto-opera-en-camino","status":"publish","type":"post","link":"https:\/\/pasaenmendoza.com\/?p=8997","title":{"rendered":"Ver\u00f3nica Cangemi se reuni\u00f3 con el presidente Javier Milei para poner en marcha su proyecto \u00d3pera en Camino"},"content":{"rendered":"\n<p>La soprano mendocina\u00a0<strong>Ver\u00f3nica Cangemi se reuni\u00f3 con el presidente Javier Milei\u00a0<\/strong>en Casa Rosada. Lo hizo acompa\u00f1ada por su director ejecutivo David Trejo Pizzo, con el prop\u00f3sito de contarle al mandatario sobre su proyecto\u00a0<strong>\u00d3pera en Camino<\/strong>\u00a0que viene desarrollando hace 6 a\u00f1os. Milei lo declar\u00f3 de inter\u00e9s cultural argentino y prometi\u00f3 colaborar para que se ponga en marcha.<\/p>\n\n\n\n<p>\u00d3pera en Camino se trata de una iniciativa de Cangemi junto a su regisseur italiano Stefano Poda que pretende llevar la m\u00fasica oper\u00edstica a cada rinc\u00f3n del pa\u00eds. Y lo novedoso es hacerlo en&nbsp;<strong>un cami\u00f3n que al estilo Transformer&nbsp;<\/strong>se convierte en teatro o peque\u00f1o coliseo.<\/p>\n\n\n\n<p>La propuesta, que est\u00e1 muy avanzada, tiene una veta cient\u00edfica y tecnol\u00f3gica, de all\u00ed la presencia del ingeniero electr\u00f3nico y emprendedor David Trejo Pizzo en el encuentro de Cangemi con Milei. Trejo Pizzo detall\u00f3 al presidente todo el desarrollo t\u00e9cnico del proyecto oper\u00edstico que abarca sonido 360, mapping y\u00a0<strong>hologramas dise\u00f1ados por cient\u00edficos del Conicet<\/strong>. Tambi\u00e9n estuvo presente la hermana del jefe de Estado argentino, Karina Milei.<\/p>\n\n\n\n<p>&#8220;El presidente es un fan\u00e1tico de la \u00f3pera, declar\u00f3 este proyecto de inter\u00e9s cultural para la Argentina y se comprometi\u00f3 en colaborar e impulsarlo&#8221;, revel\u00f3 Cangemi sobre la reuni\u00f3n con Milei y remarc\u00f3 que la idea es buscar&nbsp;<strong>fondos privados<\/strong>&nbsp;para financiar esta \u00d3pera en Camino.<\/p>\n\n\n\n<p>La soprano mendocina viene trabajando en esta idea hace m\u00e1s de 6 a\u00f1os y le record\u00f3 al jefe de Estado argentino que es una iniciativa cultural &#8220;<strong>sin fines de lucro<\/strong>&#8220;.<\/p>\n\n\n\n<h2 class=\"wp-block-heading\">Ver\u00f3nica Cangemi y su ambicioso proyecto de \u00f3pera<\/h2>\n\n\n\n<p><em>Vero&nbsp;<\/em>Cangemi asegur\u00f3 que este es un proyecto &#8220;muy ambicioso&#8221; a nivel cultural. Y tambi\u00e9n implica desaf\u00edos tecnol\u00f3gicos al dise\u00f1ar&nbsp;<strong>un cami\u00f3n que se arma y desarma<\/strong>&nbsp;como un robot para recorrer diferentes ciudades convirti\u00e9ndose en un escenario que nada tenga que envidiarle a un teatro o coliseo como el Col\u00f3n.<\/p>\n\n\n\n<p>De hecho, la cantante l\u00edrica dej\u00f3 para el a\u00f1o que viene su participaci\u00f3n en la gira europea de&nbsp;<strong>John Malcovich<\/strong>&nbsp;para su espect\u00e1culo l\u00edrico-teatral &#8220;The infernal comedy&#8221;.<\/p>\n\n\n\n<p>&#8220;Quiero concentrarme en esto de la \u00d3pera en Camino para que\u00a0<strong>empiece a funcionar en 2025<\/strong>, no s\u00f3lo aqu\u00ed en Argentina sino tambi\u00e9n en otros pa\u00edses de Latinoam\u00e9rica&#8221;, anticip\u00f3 Cangemi, planifica que una vez en marcha este cami\u00f3n oper\u00edstico retomar\u00e1 con sus compromisos art\u00edsticos en Europa. Porque el objetivo de ella es que &#8220;sea un proyecto argentino de exportaci\u00f3n al mundo&#8221;.<\/p>\n\n\n\n<p><strong><br>Quiero que la \u00d3pera en Camino sea exportable pero con nuestra marca de Argentina, que sea un proyecto argentino de exportaci\u00f3n.<\/strong><\/p>\n\n\n\n<p>Destac\u00f3 que la propuesta no tiene como \u00fanico fin difundir o promover la \u00f3pera en todas partes del pa\u00eds, &#8220;sino que tambi\u00e9n es un trabajo de educaci\u00f3n,&nbsp;<strong>de inclusi\u00f3n social<\/strong>, porque estoy segura de que el arte transforma y nos ofrece m\u00e1s posibilidades de comunicaci\u00f3n&#8221;.<\/p>\n\n\n\n<p>Cangemi dijo que &#8220;durante 6 a\u00f1os viaj\u00e9 por todo el mundo acompa\u00f1ada por David Trejo, que es un emprendedor que se interes\u00f3 en mi proyecto, buscando\u00a0<strong>c\u00f3mo sacar la \u00f3pera en la calle<\/strong>&#8220;. La idea de ella es ofrecer un espect\u00e1culo &#8220;para que la gente entienda muy bien de qu\u00e9 se trata la \u00f3pera&#8221;.<\/p>\n\n\n\n<h2 class=\"wp-block-heading\">Le sorprendi\u00f3 el conocimiento en \u00f3pera que tiene Milei<\/h2>\n\n\n\n<p>\u00bfC\u00f3mo funciona este cami\u00f3n de \u00f3peras que cre\u00f3 Cangemi? As\u00ed lo describi\u00f3 la soprano mendocina: &#8220;Depende los lugares se estudia antes la arquitectura de cada provincia donde ir\u00e1 el cami\u00f3n con una agenda anticipada. La orquesta ser\u00e1 en vivo como en un teatro de \u00f3pera normal, con solistas en vivo y se prev\u00e9 en algunas puestas&nbsp;<strong>utilizar hologramas<\/strong>&#8220;.<\/p>\n\n\n\n<p>Este punto es lo que le llam\u00f3 la atenci\u00f3n al\u00a0presidente Javier Milei, seg\u00fan apreci\u00f3 Cangemi, ya que &#8220;le interes\u00f3 mucho tambi\u00e9n el\u00a0<strong>desarrollo t\u00e9cnico y cient\u00edfico<\/strong>\u00a0del cami\u00f3n, cuya estructura se traer\u00e1 de Europa ya que se construye a medida y a pedido del regisseur que es Stefano Poda&#8221;.<\/p>\n\n\n\n<p>Aclar\u00f3 tambi\u00e9n que los fondos para llevar adelante la \u00d3pera en Camino saldr\u00e1n desde el sector privado, &#8220;<strong>y no desde el Gobierno<\/strong>&#8220;.<\/p>\n\n\n\n<p>La cantante l\u00edrica, mundialmente reconocida, confes\u00f3 su&nbsp;<strong>sorpresa<\/strong>&nbsp;<strong>ante el nivel de conocimiento<\/strong>&nbsp;acerca del mundo de la \u00f3pera que le manifest\u00f3 el presidente Milei, quien bajo su envestidura en varias ocasiones ha asistido al Col\u00f3n para ver espect\u00e1culos oper\u00edsticos, de hecho cerr\u00f3 su jornada de asunci\u00f3n presidencial con una gala en el coliseo argentino.<\/p>\n\n\n\n<p>Captura de video de la gala en el Col\u00f3n que se realiz\u00f3 el d\u00eda de asunci\u00f3n de Javier Milei como presidente de la Naci\u00f3n.<\/p>\n\n\n\n<p>&#8220;El presidente me conoc\u00eda, me dio mucha seguridad y tranquilidad porque estaba hablando con&nbsp;<strong>alguien que sabe del tema<\/strong>, le apasiona la \u00f3pera y entiende&#8221;, declar\u00f3 Cangemi y asever\u00f3: &#8220;Nunca me pas\u00f3 de escuchar un pol\u00edtico que tuviera tanto conocimiento sobre la \u00f3pera. Hablamos de much\u00edsimos artistas. Fue muy gratificante para m\u00ed como artista hablar con un presidente que entiende de qu\u00e9 est\u00e1s hablando&#8221;.<\/p>\n\n\n\n<p><strong>Nunca me pas\u00f3 de escuchar un pol\u00edtico que tuviera tanto conocimiento sobre la \u00f3pera. Hablamos de much\u00edsimos artistas.<\/strong><\/p>\n\n\n\n<p>Y revel\u00f3 que Milei le confes\u00f3 que su compositor preferido es Giusseppe Verdi.<\/p>\n\n\n\n<p><strong>Fuente: www.diariouno.com.ar<\/strong><\/p>\n","protected":false},"excerpt":{"rendered":"<p>La soprano mendocina\u00a0Ver\u00f3nica Cangemi se reuni\u00f3 con el presidente Javier Milei\u00a0en Casa Rosada. Lo hizo acompa\u00f1ada por su director ejecutivo David Trejo Pizzo, con el prop\u00f3sito de contarle al mandatario sobre su proyecto\u00a0\u00d3pera en Camino\u00a0que viene desarrollando hace 6 a\u00f1os. Milei lo declar\u00f3 de inter\u00e9s cultural argentino y prometi\u00f3 colaborar para que se ponga en [&hellip;]<\/p>\n","protected":false},"author":2,"featured_media":8998,"comment_status":"open","ping_status":"open","sticky":false,"template":"","format":"standard","meta":[],"categories":[50],"tags":[],"_links":{"self":[{"href":"https:\/\/pasaenmendoza.com\/index.php?rest_route=\/wp\/v2\/posts\/8997"}],"collection":[{"href":"https:\/\/pasaenmendoza.com\/index.php?rest_route=\/wp\/v2\/posts"}],"about":[{"href":"https:\/\/pasaenmendoza.com\/index.php?rest_route=\/wp\/v2\/types\/post"}],"author":[{"embeddable":true,"href":"https:\/\/pasaenmendoza.com\/index.php?rest_route=\/wp\/v2\/users\/2"}],"replies":[{"embeddable":true,"href":"https:\/\/pasaenmendoza.com\/index.php?rest_route=%2Fwp%2Fv2%2Fcomments&post=8997"}],"version-history":[{"count":1,"href":"https:\/\/pasaenmendoza.com\/index.php?rest_route=\/wp\/v2\/posts\/8997\/revisions"}],"predecessor-version":[{"id":8999,"href":"https:\/\/pasaenmendoza.com\/index.php?rest_route=\/wp\/v2\/posts\/8997\/revisions\/8999"}],"wp:featuredmedia":[{"embeddable":true,"href":"https:\/\/pasaenmendoza.com\/index.php?rest_route=\/wp\/v2\/media\/8998"}],"wp:attachment":[{"href":"https:\/\/pasaenmendoza.com\/index.php?rest_route=%2Fwp%2Fv2%2Fmedia&parent=8997"}],"wp:term":[{"taxonomy":"category","embeddable":true,"href":"https:\/\/pasaenmendoza.com\/index.php?rest_route=%2Fwp%2Fv2%2Fcategories&post=8997"},{"taxonomy":"post_tag","embeddable":true,"href":"https:\/\/pasaenmendoza.com\/index.php?rest_route=%2Fwp%2Fv2%2Ftags&post=8997"}],"curies":[{"name":"wp","href":"https:\/\/api.w.org\/{rel}","templated":true}]}}