{"id":9000,"date":"2024-08-22T22:48:15","date_gmt":"2024-08-22T20:48:15","guid":{"rendered":"https:\/\/pasaenmendoza.com\/?p=9000"},"modified":"2024-08-22T22:48:16","modified_gmt":"2024-08-22T20:48:16","slug":"molero-confirmo-que-cornejo-financiara-una-parte-de-la-lucha-antigranizo-para-el-sur","status":"publish","type":"post","link":"https:\/\/pasaenmendoza.com\/?p=9000","title":{"rendered":"Molero confirm\u00f3 que Cornejo financiar\u00e1 una parte de la Lucha Antigranizo para el Sur"},"content":{"rendered":"\n<p>La recuperaci\u00f3n de la\u00a0<strong>Lucha Antigranizo<\/strong>\u00a0en el Sur que motoriz\u00f3 el intendente de Alvear,\u00a0<strong>Alejandro Molero<\/strong>\u00a0est\u00e1 a horas de definirse. Es que el jefe comunal habr\u00eda conseguido no s\u00f3lo el aval de su par de San Rafael, Omar F\u00e9lix, sino que adem\u00e1s\u00a0<strong>logr\u00f3 que Alfredo Cornejo<\/strong>, que decidi\u00f3 ponerle fin al combate a\u00e9reo de las tormentas, ahora\u00a0<strong>est\u00e9 dispuesto a financiar una parte de esta nueva versi\u00f3n acotada.<\/strong><\/p>\n\n\n\n<p>El alvearense coment\u00f3, &#8220;Tenemos un presupuesto que nos present\u00f3 la empresa Fondo Group (asociada a Aertotec) para esta temporada que son<strong>\u00a0$2.590 millones para la pr\u00f3xima temporada<\/strong>. Nosotros recibir\u00edamos las aeronaves en comodato y contratar\u00edamos la empresa para la operaci\u00f3n del sistema&#8221;.<\/p>\n\n\n\n<p>Explic\u00f3 que en medio de la negociaci\u00f3n que encararon con el intendente Omar F\u00e9lix, les pidieron a las c\u00e1maras empresariales que ellos costearan en total unos $1.000 millones.<\/p>\n\n\n\n<p>&#8220;El resto lo haremos entre los municipios y el Gobierno de la provincia que no se corre de esto. Est\u00e1 la posibilidad de que por \u00fanica vez el Gobierno ponga fondos. Todav\u00eda no est\u00e1 definido el monto, eso lo hablaremos en la reuni\u00f3n&#8221;, marc\u00f3 Molero y cont\u00f3 que esa definici\u00f3n se dar\u00e1 este viernes a las 17.30 cuando se discuta el tema en Casa de Gobierno.<\/p>\n\n\n\n<p>Rescat\u00f3 que el acuerdo pol\u00edtico para que la Lucha Antigranizo pueda funcionar en el Sur se basa en que &#8220;hay buena voluntad del Gobierno de no dejarnos solos&#8221; pero a la vez le reclam\u00f3 al sector privado que viene reclamando que vuelva ese sistema de combate de tormentas que &#8220;de alguna se\u00f1al&#8221;.<\/p>\n\n\n\n<h2 class=\"wp-block-heading\">C\u00f3mo ser\u00eda el aporte de los privados para la Lucha Antigranizo<\/h2>\n\n\n\n<p>A la hora de explicar c\u00f3mo funcionar\u00e1 la&nbsp;<strong>financiaci\u00f3n de esta nueva versi\u00f3n acotada de la Lucha Antigranizo, Molero explic\u00f3 que se estudian varias variables.<\/strong><\/p>\n\n\n\n<p>Una de ellas es que los privados constituyan un fideicomiso. Aunque se encarg\u00f3 de resaltar que una parte de esos empresarios que se expresan con cierta virulencia contra la decisi\u00f3n de que se caiga la lucha antigranizo &#8220;despu\u00e9s a la hora de afrontar los costos es reticente a poner la plata&#8221;.<\/p>\n\n\n\n<p>A eso deber\u00eda sumarse el aporte que puedan hacer los vecinos de Alvear y San Rafael. &#8220;Estamos buscando distintas alternativas de que se pueda pagar, los vecinos de Alvear tienen ejercicio de pagar distintas obras a trav\u00e9s del pago con las cooperativas el\u00e9ctricas&#8221;, ejemplific\u00f3, pero advirti\u00f3 que por ahora son todas ideas para constituir el fondo para financiar esta nueva versi\u00f3n de la Lucha Antigranizo.<\/p>\n\n\n\n<p>El jefe comunal sure\u00f1o acot\u00f3 que en la propuesta de la empresa que se encargar\u00eda de la operaci\u00f3n de la Lucha Antigranizo a\u00e9rea en el Sur propone contratar a 9 pilotos, usar 3 aviones y utilizar las bengalas de fabricaci\u00f3n estadounidense.<\/p>\n\n\n\n<p><strong>Fuente: www.diariouno.com.ar<\/strong><\/p>\n","protected":false},"excerpt":{"rendered":"<p>La recuperaci\u00f3n de la\u00a0Lucha Antigranizo\u00a0en el Sur que motoriz\u00f3 el intendente de Alvear,\u00a0Alejandro Molero\u00a0est\u00e1 a horas de definirse. Es que el jefe comunal habr\u00eda conseguido no s\u00f3lo el aval de su par de San Rafael, Omar F\u00e9lix, sino que adem\u00e1s\u00a0logr\u00f3 que Alfredo Cornejo, que decidi\u00f3 ponerle fin al combate a\u00e9reo de las tormentas, ahora\u00a0est\u00e9 dispuesto [&hellip;]<\/p>\n","protected":false},"author":2,"featured_media":9001,"comment_status":"open","ping_status":"open","sticky":false,"template":"","format":"standard","meta":[],"categories":[47],"tags":[],"_links":{"self":[{"href":"https:\/\/pasaenmendoza.com\/index.php?rest_route=\/wp\/v2\/posts\/9000"}],"collection":[{"href":"https:\/\/pasaenmendoza.com\/index.php?rest_route=\/wp\/v2\/posts"}],"about":[{"href":"https:\/\/pasaenmendoza.com\/index.php?rest_route=\/wp\/v2\/types\/post"}],"author":[{"embeddable":true,"href":"https:\/\/pasaenmendoza.com\/index.php?rest_route=\/wp\/v2\/users\/2"}],"replies":[{"embeddable":true,"href":"https:\/\/pasaenmendoza.com\/index.php?rest_route=%2Fwp%2Fv2%2Fcomments&post=9000"}],"version-history":[{"count":1,"href":"https:\/\/pasaenmendoza.com\/index.php?rest_route=\/wp\/v2\/posts\/9000\/revisions"}],"predecessor-version":[{"id":9002,"href":"https:\/\/pasaenmendoza.com\/index.php?rest_route=\/wp\/v2\/posts\/9000\/revisions\/9002"}],"wp:featuredmedia":[{"embeddable":true,"href":"https:\/\/pasaenmendoza.com\/index.php?rest_route=\/wp\/v2\/media\/9001"}],"wp:attachment":[{"href":"https:\/\/pasaenmendoza.com\/index.php?rest_route=%2Fwp%2Fv2%2Fmedia&parent=9000"}],"wp:term":[{"taxonomy":"category","embeddable":true,"href":"https:\/\/pasaenmendoza.com\/index.php?rest_route=%2Fwp%2Fv2%2Fcategories&post=9000"},{"taxonomy":"post_tag","embeddable":true,"href":"https:\/\/pasaenmendoza.com\/index.php?rest_route=%2Fwp%2Fv2%2Ftags&post=9000"}],"curies":[{"name":"wp","href":"https:\/\/api.w.org\/{rel}","templated":true}]}}