{"id":9003,"date":"2024-08-22T23:06:43","date_gmt":"2024-08-22T21:06:43","guid":{"rendered":"https:\/\/pasaenmendoza.com\/?p=9003"},"modified":"2024-08-22T23:06:44","modified_gmt":"2024-08-22T21:06:44","slug":"confirmaron-el-cierre-de-la-maternidad-del-hospital-carrillo","status":"publish","type":"post","link":"https:\/\/pasaenmendoza.com\/?p=9003","title":{"rendered":"Confirmaron el cierre de la maternidad del Hospital Carrillo"},"content":{"rendered":"\n<p>El\u00a0<strong>Hospital Carrillo<\/strong>\u00a0de\u00a0<strong>Las Heras<\/strong>\u00a0dejar\u00e1 de tener un \u00e1rea de\u00a0<strong>Maternidad<\/strong>, seg\u00fan confirm\u00f3 este mi\u00e9rcoles a Radio Nihuil la doctora M\u00f3nica Rinaldi, funcionaria del Ministerio de Salud y Deportes de Mendoza.<\/p>\n\n\n\n<p>Seg\u00fan argumentaron fuentes oficiales, los partos en el Carrillo ven\u00edan a la baja desde hace a\u00f1os por diferentes razones y el \u00e1rea solo qued\u00f3 destinada a ces\u00e1reas. Esa tarea, a partir de ahora, ser\u00e1 absorbida por el&nbsp;<strong>Hospital Lagomaggiore<\/strong>, &#8220;que est\u00e1 a corta distancia y cumple con las&nbsp;<strong>Condiciones Obst\u00e9tricas y Neonatales Esenciales (CONE)<\/strong>&nbsp;que exige la nueva normativa provincial&#8221;.<\/p>\n\n\n\n<p>Entre los par\u00e1metros internacionales que exigen esas reglas se encuentra, por ejemplo, la disponibilidad de un quir\u00f3fano durante las 24; lo que obligar\u00e1 no solo a hospitales p\u00fablicos, sino tambi\u00e9n a privados a refuncionalizarse para adaptarse al nuevo sistema de salud previsto por ley.<\/p>\n\n\n\n<p>Los profesionales de Maternidad del\u00a0<strong>Hospital Carrillo<\/strong>\u00a0ser\u00e1n\u00a0<strong>reubicados\u00a0<\/strong>y se mantendr\u00e1n su carga horaria y sus\u00a0<strong>salarios<\/strong>, seg\u00fan comentaron las autoridades del lugar.<\/p>\n\n\n\n<p>Aseguraron, tambi\u00e9n, que el<strong>\u00a0nosocomio\u00a0<\/strong>se est\u00e1 reorientando para cubrir nuevas necesidades.<\/p>\n\n\n\n<p>Sin embargo, los profesionales afectados\u00a0<strong>se convocaron para las 13.30<\/strong>\u00a0de este jueves en la puerta del lugar.<\/p>\n\n\n\n<p><strong>Fuente: www.diariouno.com.ar<\/strong><\/p>\n","protected":false},"excerpt":{"rendered":"<p>El\u00a0Hospital Carrillo\u00a0de\u00a0Las Heras\u00a0dejar\u00e1 de tener un \u00e1rea de\u00a0Maternidad, seg\u00fan confirm\u00f3 este mi\u00e9rcoles a Radio Nihuil la doctora M\u00f3nica Rinaldi, funcionaria del Ministerio de Salud y Deportes de Mendoza. Seg\u00fan argumentaron fuentes oficiales, los partos en el Carrillo ven\u00edan a la baja desde hace a\u00f1os por diferentes razones y el \u00e1rea solo qued\u00f3 destinada a ces\u00e1reas. [&hellip;]<\/p>\n","protected":false},"author":2,"featured_media":9004,"comment_status":"open","ping_status":"open","sticky":false,"template":"","format":"standard","meta":[],"categories":[58],"tags":[],"_links":{"self":[{"href":"https:\/\/pasaenmendoza.com\/index.php?rest_route=\/wp\/v2\/posts\/9003"}],"collection":[{"href":"https:\/\/pasaenmendoza.com\/index.php?rest_route=\/wp\/v2\/posts"}],"about":[{"href":"https:\/\/pasaenmendoza.com\/index.php?rest_route=\/wp\/v2\/types\/post"}],"author":[{"embeddable":true,"href":"https:\/\/pasaenmendoza.com\/index.php?rest_route=\/wp\/v2\/users\/2"}],"replies":[{"embeddable":true,"href":"https:\/\/pasaenmendoza.com\/index.php?rest_route=%2Fwp%2Fv2%2Fcomments&post=9003"}],"version-history":[{"count":1,"href":"https:\/\/pasaenmendoza.com\/index.php?rest_route=\/wp\/v2\/posts\/9003\/revisions"}],"predecessor-version":[{"id":9005,"href":"https:\/\/pasaenmendoza.com\/index.php?rest_route=\/wp\/v2\/posts\/9003\/revisions\/9005"}],"wp:featuredmedia":[{"embeddable":true,"href":"https:\/\/pasaenmendoza.com\/index.php?rest_route=\/wp\/v2\/media\/9004"}],"wp:attachment":[{"href":"https:\/\/pasaenmendoza.com\/index.php?rest_route=%2Fwp%2Fv2%2Fmedia&parent=9003"}],"wp:term":[{"taxonomy":"category","embeddable":true,"href":"https:\/\/pasaenmendoza.com\/index.php?rest_route=%2Fwp%2Fv2%2Fcategories&post=9003"},{"taxonomy":"post_tag","embeddable":true,"href":"https:\/\/pasaenmendoza.com\/index.php?rest_route=%2Fwp%2Fv2%2Ftags&post=9003"}],"curies":[{"name":"wp","href":"https:\/\/api.w.org\/{rel}","templated":true}]}}