{"id":9015,"date":"2024-08-23T23:15:30","date_gmt":"2024-08-23T21:15:30","guid":{"rendered":"https:\/\/pasaenmendoza.com\/?p=9015"},"modified":"2024-08-23T23:15:31","modified_gmt":"2024-08-23T21:15:31","slug":"el-tiempo-en-mendoza-viernes-con-leve-ascenso-de-la-temperatura-e-inestable-en-cordillera","status":"publish","type":"post","link":"https:\/\/pasaenmendoza.com\/?p=9015","title":{"rendered":"El tiempo en Mendoza: viernes con leve ascenso de la temperatura e inestable en cordillera"},"content":{"rendered":"\n<p>Este&nbsp;<strong>viernes&nbsp;<\/strong>arranca con cielo parcialmente nublado y&nbsp;<strong>leve ascenso de la temperatura&nbsp;<\/strong>en el&nbsp;<strong>Gran Mendoza<\/strong>. Adem\u00e1s, la&nbsp;<strong>Direcci\u00f3n de Contingencias Clim\u00e1ticas<\/strong>&nbsp;indica: \u201cVientos moderados del este. Precipitaciones aisladas en las primeras horas, Inestable en cordillera\u201d.&nbsp;<strong>La m\u00ednima ser\u00e1 de 3 grados y la m\u00e1xima de 13.<\/strong><\/p>\n\n\n\n<p>Para el&nbsp;<strong>s\u00e1bado<\/strong>&nbsp;se prev\u00e9: \u201cCielo algo nublado con poco cambio de la temperatura, vientos moderados del noreste. Heladas parciales.&nbsp;<strong>Buen tiempo en cordillera<\/strong>\u201c.<strong>&nbsp;La m\u00ednima ser\u00e1 de 2 grados y la m\u00e1xima de 13.<\/strong><\/p>\n\n\n\n<p>En tanto, el\u00a0<strong>domingo<\/strong>, el tiempo estar\u00e1 bueno, con ascenso de la temperatura, vientos moderados del noreste. Heladas parciales. Buen tiempo en cordillera.\u00a0<strong>La m\u00ednima ser\u00e1 de 2 grados y la m\u00e1xima de 17.<\/strong><\/p>\n\n\n\n<p><strong>Fuente: www.elsol.com.ar<\/strong><\/p>\n","protected":false},"excerpt":{"rendered":"<p>Este&nbsp;viernes&nbsp;arranca con cielo parcialmente nublado y&nbsp;leve ascenso de la temperatura&nbsp;en el&nbsp;Gran Mendoza. Adem\u00e1s, la&nbsp;Direcci\u00f3n de Contingencias Clim\u00e1ticas&nbsp;indica: \u201cVientos moderados del este. Precipitaciones aisladas en las primeras horas, Inestable en cordillera\u201d.&nbsp;La m\u00ednima ser\u00e1 de 3 grados y la m\u00e1xima de 13. Para el&nbsp;s\u00e1bado&nbsp;se prev\u00e9: \u201cCielo algo nublado con poco cambio de la temperatura, vientos moderados del [&hellip;]<\/p>\n","protected":false},"author":2,"featured_media":9016,"comment_status":"open","ping_status":"open","sticky":false,"template":"","format":"standard","meta":[],"categories":[52],"tags":[],"_links":{"self":[{"href":"https:\/\/pasaenmendoza.com\/index.php?rest_route=\/wp\/v2\/posts\/9015"}],"collection":[{"href":"https:\/\/pasaenmendoza.com\/index.php?rest_route=\/wp\/v2\/posts"}],"about":[{"href":"https:\/\/pasaenmendoza.com\/index.php?rest_route=\/wp\/v2\/types\/post"}],"author":[{"embeddable":true,"href":"https:\/\/pasaenmendoza.com\/index.php?rest_route=\/wp\/v2\/users\/2"}],"replies":[{"embeddable":true,"href":"https:\/\/pasaenmendoza.com\/index.php?rest_route=%2Fwp%2Fv2%2Fcomments&post=9015"}],"version-history":[{"count":1,"href":"https:\/\/pasaenmendoza.com\/index.php?rest_route=\/wp\/v2\/posts\/9015\/revisions"}],"predecessor-version":[{"id":9017,"href":"https:\/\/pasaenmendoza.com\/index.php?rest_route=\/wp\/v2\/posts\/9015\/revisions\/9017"}],"wp:featuredmedia":[{"embeddable":true,"href":"https:\/\/pasaenmendoza.com\/index.php?rest_route=\/wp\/v2\/media\/9016"}],"wp:attachment":[{"href":"https:\/\/pasaenmendoza.com\/index.php?rest_route=%2Fwp%2Fv2%2Fmedia&parent=9015"}],"wp:term":[{"taxonomy":"category","embeddable":true,"href":"https:\/\/pasaenmendoza.com\/index.php?rest_route=%2Fwp%2Fv2%2Fcategories&post=9015"},{"taxonomy":"post_tag","embeddable":true,"href":"https:\/\/pasaenmendoza.com\/index.php?rest_route=%2Fwp%2Fv2%2Ftags&post=9015"}],"curies":[{"name":"wp","href":"https:\/\/api.w.org\/{rel}","templated":true}]}}