{"id":9018,"date":"2024-08-23T23:20:53","date_gmt":"2024-08-23T21:20:53","guid":{"rendered":"https:\/\/pasaenmendoza.com\/?p=9018"},"modified":"2024-08-23T23:20:54","modified_gmt":"2024-08-23T21:20:54","slug":"la-formacion-en-mineria-para-docentes-de-mendoza-agoto-sus-cupos-en-24-horas","status":"publish","type":"post","link":"https:\/\/pasaenmendoza.com\/?p=9018","title":{"rendered":"La formaci\u00f3n en Miner\u00eda para docentes de Mendoza agot\u00f3 sus cupos en 24 horas"},"content":{"rendered":"\n<p>Se puede decir que la propuesta para capacitar\u00a0<strong>docentes de Mendoza<\/strong>\u00a0de los niveles primario, secundario y superior en\u00a0<strong>miner\u00eda<\/strong>, fue todo un \u00e9xito. Es que el espacio de formaci\u00f3n &#8220;Nuestro suelo, maravillas minerales de Mendoza&#8221; organizado por la DGE y la Direcci\u00f3n de Miner\u00eda perteneciente al Ministerio de Energ\u00eda y Ambiente, en\u00a0<strong>menos de 24 horas agot\u00f3<\/strong>\u00a0<strong>las 600 plazas.<\/strong><\/p>\n\n\n\n<p>El inter\u00e9s de los educadores por formarse en esta tem\u00e1tica fue el motivo por el cual tanto desde la DGE como desde la Direcci\u00f3n de Miner\u00eda decidieron<strong>\u00a0abrir una nueva capacitaci\u00f3n<\/strong>, a fin de que ning\u00fan interesado se quede afuera de esta propuesta.<\/p>\n\n\n\n<h2 class=\"wp-block-heading\">Qu\u00e9 dicen los organizadores de la formaci\u00f3n en miner\u00eda<\/h2>\n\n\n\n<p>El titular de la&nbsp;<strong>direcci\u00f3n de Miner\u00eda<\/strong>,&nbsp;<strong>Jer\u00f3nimo Shantal,<\/strong>&nbsp;manifest\u00f3 que \u201cdocentes de todos los niveles han decidido capacitarse en una materia tan importante como son los minerales de nuestro suelo y la geolog\u00eda de Mendoza, adem\u00e1s de conocer cu\u00e1les son los minerales cr\u00edticos para la transici\u00f3n hacia energ\u00edas limpias, como son el cobre y el litio, que se utilizan en paneles solares, en energ\u00eda e\u00f3lica y en bater\u00edas\u201d.<\/p>\n\n\n\n<p>La&nbsp;<strong>directora de Educaci\u00f3n Superior de la DGE, Mariela Ramos<\/strong>, manifest\u00f3 que \u201cestamos sorprendidos de la gran demanda. y de la rapidez con la que se agotaron los primeros 600 cupos. A ra\u00edz de esto, hemos tomado la decisi\u00f3n, dado que consideramos que es importante este curso, de habilitar 600 lugares m\u00e1s para que todos los docentes de todos los niveles que quieran hacerlo tengan la posibilidad de capacitarse en una tem\u00e1tica tan importante como son los minerales cr\u00edticos para la transici\u00f3n energ\u00e9tica\u201d.<\/p>\n\n\n\n<p>Ramos agreg\u00f3 que esto demuestra el gran inter\u00e9s que hay por parte de nuestra comunidad educativa en conocer las maravillas minerales que tiene Mendoza y c\u00f3mo hacer un buen uso de estas sin descuidar el medioambiente.<\/p>\n\n\n\n<h2 class=\"wp-block-heading\">Qu\u00e9 tem\u00e1ticas abarca la formaci\u00f3n en miner\u00eda para docentes<\/h2>\n\n\n\n<p>Hay que destacar que esta capacitaci\u00f3n integra las Jornadas Docentes Remuneradas 2024 y se vincula con conocimientos de geolog\u00eda y minerales de nuestra tierra, ya que la provincia tiene un suelo con gran potencial geol\u00f3gico para la transici\u00f3n hacia energ\u00edas limpias, cumpliendo con los compromisos ambientales de Argentina. Adem\u00e1s, es financiada por el Consejo Federal de Inversiones (CFI).<\/p>\n\n\n\n<p>La formaci\u00f3n es totalmente virtual, gratuita y remunerada, adem\u00e1s de&nbsp;<strong>generar puntaje otorgado por la DGE<\/strong>. Consta de cinco m\u00f3dulos donde se trabajan tem\u00e1ticas como \u201cNuestro suelo\u201d, \u201cMaravillas minerales\u201d, \u201cEconom\u00eda y sostenibilidad\u201d, \u201cLegales y etapas de la actividad\u201d y \u201cEl impacto social ambiental\u201d.<\/p>\n\n\n\n<p>Los cursos comenzar\u00e1n la primera semana de septiembre y es importante aclarar que los cupos para San Rafael ya est\u00e1n cubiertos. Los docentes interesados deben ingresar en el\u00a0<strong>portal educativo.<\/strong><\/p>\n\n\n\n<p><strong>Fuente: www.diariouno.com.ar<\/strong><\/p>\n\n\n\n<p><a rel=\"noreferrer noopener\" href=\"https:\/\/www.facebook.com\/dialog\/feed?app_id=161316767303985&amp;link=https%3A%2F%2Fwww.diariouno.com.ar%2Fsociedad-us%2Fla-formacion-mineria-docentes-mendoza-agoto-sus-cupos-24-horas-n1346314&amp;name=La+formaci%C3%B3n+en+Miner%C3%ADa+para+docentes+de+Mendoza+agot%C3%B3+sus+cupos+en+24+horas&amp;caption=Miner%C3%ADa&amp;description=La+propuesta+es+para+educadores+de+los+tres+niveles+de+ense%C3%B1anza+y+gener%C3%B3+tantas+expectativas+que+pronto+se+abrir%C3%A1+una+nueva+instancia+para+600+docentes+m%C3%A1s&amp;redirect_uri=https%3A%2F%2Fwww.diariouno.com.ar%2Fsociedad-us%2Fla-formacion-mineria-docentes-mendoza-agoto-sus-cupos-24-horas-n1346314\" target=\"_blank\"><\/a><\/p>\n","protected":false},"excerpt":{"rendered":"<p>Se puede decir que la propuesta para capacitar\u00a0docentes de Mendoza\u00a0de los niveles primario, secundario y superior en\u00a0miner\u00eda, fue todo un \u00e9xito. Es que el espacio de formaci\u00f3n &#8220;Nuestro suelo, maravillas minerales de Mendoza&#8221; organizado por la DGE y la Direcci\u00f3n de Miner\u00eda perteneciente al Ministerio de Energ\u00eda y Ambiente, en\u00a0menos de 24 horas agot\u00f3\u00a0las 600 [&hellip;]<\/p>\n","protected":false},"author":2,"featured_media":9019,"comment_status":"open","ping_status":"open","sticky":false,"template":"","format":"standard","meta":[],"categories":[56],"tags":[],"_links":{"self":[{"href":"https:\/\/pasaenmendoza.com\/index.php?rest_route=\/wp\/v2\/posts\/9018"}],"collection":[{"href":"https:\/\/pasaenmendoza.com\/index.php?rest_route=\/wp\/v2\/posts"}],"about":[{"href":"https:\/\/pasaenmendoza.com\/index.php?rest_route=\/wp\/v2\/types\/post"}],"author":[{"embeddable":true,"href":"https:\/\/pasaenmendoza.com\/index.php?rest_route=\/wp\/v2\/users\/2"}],"replies":[{"embeddable":true,"href":"https:\/\/pasaenmendoza.com\/index.php?rest_route=%2Fwp%2Fv2%2Fcomments&post=9018"}],"version-history":[{"count":1,"href":"https:\/\/pasaenmendoza.com\/index.php?rest_route=\/wp\/v2\/posts\/9018\/revisions"}],"predecessor-version":[{"id":9020,"href":"https:\/\/pasaenmendoza.com\/index.php?rest_route=\/wp\/v2\/posts\/9018\/revisions\/9020"}],"wp:featuredmedia":[{"embeddable":true,"href":"https:\/\/pasaenmendoza.com\/index.php?rest_route=\/wp\/v2\/media\/9019"}],"wp:attachment":[{"href":"https:\/\/pasaenmendoza.com\/index.php?rest_route=%2Fwp%2Fv2%2Fmedia&parent=9018"}],"wp:term":[{"taxonomy":"category","embeddable":true,"href":"https:\/\/pasaenmendoza.com\/index.php?rest_route=%2Fwp%2Fv2%2Fcategories&post=9018"},{"taxonomy":"post_tag","embeddable":true,"href":"https:\/\/pasaenmendoza.com\/index.php?rest_route=%2Fwp%2Fv2%2Ftags&post=9018"}],"curies":[{"name":"wp","href":"https:\/\/api.w.org\/{rel}","templated":true}]}}