{"id":902,"date":"2023-08-24T14:52:17","date_gmt":"2023-08-24T12:52:17","guid":{"rendered":"https:\/\/pasaenmendoza.com\/?p=902"},"modified":"2023-08-24T14:52:18","modified_gmt":"2023-08-24T12:52:18","slug":"anses-y-dos-importantes-anuncios-para-auh-por-el-cobro-de-septiembre-2023","status":"publish","type":"post","link":"https:\/\/pasaenmendoza.com\/?p=902","title":{"rendered":"ANSES y dos importantes anuncios para AUH por el cobro de septiembre 2023"},"content":{"rendered":"\n<p><\/p>\n\n\n\n<p><strong>ANSES<\/strong>\u00a0sorprendi\u00f3 con dos grandes anuncios para los beneficiarios del\u00a0<strong>AUH<\/strong>, relacionados directamente con lo que es el cobro de los haberes de septiembre 2023. Los titulares de este beneficio social fueron informados con el calendario de pago que regir\u00e1 la acreditaci\u00f3n de la mensualidad, y que su dinero viene un un interesante\u00a0<strong>aumento<\/strong>.<\/p>\n\n\n\n<p>Para lo que ser\u00e1 el cobro de los haberes correspondientes a septiembre 2023, los titulares de la\u00a0<strong>Asignaci\u00f3n Universal por Hijo<\/strong>\u00a0de\u00a0<strong>ANSES\u00a0<\/strong>fueron informados con las fechas en las cuales recibir\u00e1n la mensualidad. Adem\u00e1s recibieron la grata noticia de que recibir\u00e1n un destacado aumento, donde pasar\u00e1n a cobrar $17.093 por cada uno de sus hijos, m\u00e1s un extra por la<strong>\u00a0Tarjeta Alimentar.<\/strong><\/p>\n\n\n\n<h2 class=\"wp-block-heading\">ANSES AUH: cu\u00e1nto se cobra por Tarjeta Alimentar<\/h2>\n\n\n\n<p>Con el \u00faltimo aumento del 35% de la&nbsp;<strong>Tarjeta Alimentar<\/strong>, los montos son los siguientes para cobrar en&nbsp;<strong>ANSES&nbsp;<\/strong>de&nbsp;<strong>AUH&nbsp;<\/strong>quedaron de la siguiente manera:<\/p>\n\n\n\n<ul>\n<li>Personas que perciben una Asignaci\u00f3n por Embarazo (AUE):&nbsp;<strong>$ 17.000;<\/strong><\/li>\n\n\n\n<li>Familias con un\/a hijo\/a:&nbsp;<strong>$ 17.000;<\/strong><\/li>\n\n\n\n<li>Familias con dos hijos\/as:&nbsp;<strong>$ 26.000,<\/strong><\/li>\n\n\n\n<li>Familias con tres o m\u00e1s hijos\/as:\u00a0<strong>$ 34.000.<\/strong><\/li>\n\n\n\n<li>De esta manera, los beneficiarios que tengan un hijo de entre 0 y 14 a\u00f1os recibir\u00e1n un total de<strong>\u00a0$30.674<\/strong>\u00a0en septiembre. Esta suma surge de tomar el monto de la AUH con descuento del 20% y el cobro de\u00a0<strong>Tarjeta Alimentar<\/strong>.<\/li>\n\n\n\n<li>Cu\u00e1ndo cobro AUH y Tarjeta Alimentar en septiembre 2023<\/li>\n\n\n\n<li>Si bien\u00a0<strong>ANSES\u00a0<\/strong>a\u00fan no confirma el calendario de pago de\u00a0<strong>AUH<\/strong>, ya circula el siguiente estimativo:<\/li>\n\n\n\n<li><strong>Tarjeta Alimentar &#8211; Pensiones No Contributivas de ANSES<\/strong><\/li>\n\n\n\n<li>&nbsp;DNI terminados en 0 y 1: viernes 1 de septiembre<\/li>\n\n\n\n<li>DNI terminados en 2 y 3: lunes 4 de septiembre<\/li>\n\n\n\n<li>DNI terminados en 4 y 5: martes 5 de septiembre<\/li>\n\n\n\n<li>DNI terminados en 6 y 7: mi\u00e9rcoles 6 de septiembre<\/li>\n\n\n\n<li>DNI terminados en 8 y 9: jueves 7 de septiembre<\/li>\n\n\n\n<li><strong>Asignaci\u00f3n Universal por Hijo (AUH) de ANSES<\/strong><\/li>\n\n\n\n<li>&nbsp;DNI terminados en 0: viernes 8 de septiembre<\/li>\n\n\n\n<li>DNI terminados en 1: lunes 11 de septiembre<\/li>\n\n\n\n<li>DNI terminados en 2: martes 12 de septiembre<\/li>\n\n\n\n<li>DNI terminados en 3: mi\u00e9rcoles 13 de septiembre<\/li>\n\n\n\n<li>DNI terminados en 4: jueves 14 de septiembre<\/li>\n\n\n\n<li>DNI terminados en 5: viernes 15 de septiembre<\/li>\n\n\n\n<li>DNI terminados en 6: lunes 18 de septiembre<\/li>\n\n\n\n<li>DNI terminados en 7: martes 19 de septiembre<\/li>\n\n\n\n<li>DNI terminados en 8: mi\u00e9rcoles 20 de septiembre<\/li>\n\n\n\n<li>DNI terminados en 9: jueves 21 de septiembre<\/li>\n<\/ul>\n\n\n\n<p><strong>Fuente: www.diariouno.com.ar<\/strong><\/p>\n","protected":false},"excerpt":{"rendered":"<p>ANSES\u00a0sorprendi\u00f3 con dos grandes anuncios para los beneficiarios del\u00a0AUH, relacionados directamente con lo que es el cobro de los haberes de septiembre 2023. Los titulares de este beneficio social fueron informados con el calendario de pago que regir\u00e1 la acreditaci\u00f3n de la mensualidad, y que su dinero viene un un interesante\u00a0aumento. Para lo que ser\u00e1 [&hellip;]<\/p>\n","protected":false},"author":2,"featured_media":910,"comment_status":"open","ping_status":"open","sticky":false,"template":"","format":"standard","meta":[],"categories":[50],"tags":[],"_links":{"self":[{"href":"https:\/\/pasaenmendoza.com\/index.php?rest_route=\/wp\/v2\/posts\/902"}],"collection":[{"href":"https:\/\/pasaenmendoza.com\/index.php?rest_route=\/wp\/v2\/posts"}],"about":[{"href":"https:\/\/pasaenmendoza.com\/index.php?rest_route=\/wp\/v2\/types\/post"}],"author":[{"embeddable":true,"href":"https:\/\/pasaenmendoza.com\/index.php?rest_route=\/wp\/v2\/users\/2"}],"replies":[{"embeddable":true,"href":"https:\/\/pasaenmendoza.com\/index.php?rest_route=%2Fwp%2Fv2%2Fcomments&post=902"}],"version-history":[{"count":3,"href":"https:\/\/pasaenmendoza.com\/index.php?rest_route=\/wp\/v2\/posts\/902\/revisions"}],"predecessor-version":[{"id":912,"href":"https:\/\/pasaenmendoza.com\/index.php?rest_route=\/wp\/v2\/posts\/902\/revisions\/912"}],"wp:featuredmedia":[{"embeddable":true,"href":"https:\/\/pasaenmendoza.com\/index.php?rest_route=\/wp\/v2\/media\/910"}],"wp:attachment":[{"href":"https:\/\/pasaenmendoza.com\/index.php?rest_route=%2Fwp%2Fv2%2Fmedia&parent=902"}],"wp:term":[{"taxonomy":"category","embeddable":true,"href":"https:\/\/pasaenmendoza.com\/index.php?rest_route=%2Fwp%2Fv2%2Fcategories&post=902"},{"taxonomy":"post_tag","embeddable":true,"href":"https:\/\/pasaenmendoza.com\/index.php?rest_route=%2Fwp%2Fv2%2Ftags&post=902"}],"curies":[{"name":"wp","href":"https:\/\/api.w.org\/{rel}","templated":true}]}}