{"id":9021,"date":"2024-08-23T23:24:17","date_gmt":"2024-08-23T21:24:17","guid":{"rendered":"https:\/\/pasaenmendoza.com\/?p=9021"},"modified":"2024-08-23T23:24:18","modified_gmt":"2024-08-23T21:24:18","slug":"omar-felix-recibio-el-aval-de-la-camara-federal-para-terminar-la-obra-del-gasoducto-en-el-sur","status":"publish","type":"post","link":"https:\/\/pasaenmendoza.com\/?p=9021","title":{"rendered":"Omar F\u00e9lix recibi\u00f3 el aval de la C\u00e1mara Federal para terminar la obra del gasoducto en el Sur"},"content":{"rendered":"\n<p>Despu\u00e9s de la confirmaci\u00f3n de la C\u00e1mara Federal de Apelaciones de Mendoza a los planteos del Municipio de\u00a0<strong>San Rafael<\/strong>, respecto a la necesidad de que el<strong>\u00a0Estado nacional preserve lo ejecutado y finalice el gasoducto<\/strong>, el intendente\u00a0<strong>Omar F\u00e9lix<\/strong>\u00a0insisti\u00f3 en que la prioridad para solucionar el tema &#8220;siempre ser\u00e1 la v\u00eda del\u00a0<strong>di\u00e1logo<\/strong>\u201d.<\/p>\n\n\n\n<p>&#8220;Para nosotros es importante que la C\u00e1mara ratifique la decisi\u00f3n del Juzgado Federal de San Rafael para terminar con el&nbsp;<strong>gasoducto, que est\u00e1 al 90% de avance<\/strong>. Es vital finalizarlo por el bien de los sanrafaelinos y alvearenses\u201d, remarc\u00f3 el jefe comunal en relaci\u00f3n a la obra que&nbsp;<strong>beneficiar\u00e1 a 30.000 personas<\/strong>.<\/p>\n\n\n\n<p>Asimismo e independientemente del aspecto judicial, F\u00e9lix sostuvo que &#8220;queremos resolver esto con di\u00e1logo con el Estado nacional. Deben comprender que para el Sur mendocino es una obra indispensable, puesto que llevamos\u00a0<strong>m\u00e1s de 10 a\u00f1os sin gas domiciliario e industrial\u201d.<\/strong><\/p>\n\n\n\n<p>El mandatario sanrafaelino insisti\u00f3 en un acuerdo consensuado entre las partes: &#8220;No hubi\u00e9semos querido llegar a lo judicial, pero no hubo otro camino. Tienen que entender que no buscamos conflictos sino resolver un problema\u201d.<\/p>\n\n\n\n<p>Una de las principales preocupaciones del intendente est\u00e1 vinculada a los&nbsp;<strong>riesgos a los que est\u00e1 expuesta la obra<\/strong>. Por ejemplo, recientemente venci\u00f3 una de las pruebas hidr\u00e1ulicas. Sobre esto, F\u00e9lix afirm\u00f3 que &#8220;hay que hacerla de nuevo y si llegamos a 2025 y seguimos sin soluciones, se pone en riesgo toda la obra\u201d.<\/p>\n\n\n\n<h2 class=\"wp-block-heading\">La Justicia aval\u00f3 la postura del Municipio de San Rafael<\/h2>\n\n\n\n<p>Junto a Omar F\u00e9lix, estuvieron los representantes legales del Municipio, Alfredo Juri Stica (director de Asuntos Legales) y Francisco Perdigues (director de Auditor\u00eda).<\/p>\n\n\n\n<p>&#8220;Se pide que se arbitren los medios para conservar la obra y abonar el dinero comprometido para terminarla. Es sentido com\u00fan\u201d, asever\u00f3 Juri.<\/p>\n\n\n\n<p>El letrado expuso un dato a tener en cuenta: la flamante&nbsp;<strong>Ley Bases, en su art\u00edculo 64, plantea que todas las obras con m\u00e1s de 80% de avance deben concluir.<\/strong><\/p>\n\n\n\n<p>&#8220;Esta es una obra que no puede esperar, debe finalizarse con urgencia porque vencen pruebas hidr\u00e1ulicas y puede estar sujeta a vandalismo\u201d, enfatiz\u00f3.<\/p>\n\n\n\n<p>Hay que remarcar que el equipo de abogados municipales trabaj\u00f3 con\u00a0<strong>aportes t\u00e9cnicos del Estudio Sanz<\/strong>, lo que fue destacado por Juri.<\/p>\n\n\n\n<h2 class=\"wp-block-heading\">C\u00f3mo sigue el proceso judicial<\/h2>\n\n\n\n<p>M\u00e1s all\u00e1 de los intentos de consensuar con el Estado nacional, Francisco Perdigues dio detalles de c\u00f3mo debe continuar el proceso judicial.<\/p>\n\n\n\n<p>\u201cLa cautelar plantea que el Estado Nacional cumpla el compromiso que ten\u00eda con el Municipio y finalice el gasoducto. Ahora Naci\u00f3n puede presentar un recurso extraordinario, pero no es una medida suspensiva, la resoluci\u00f3n de la c\u00e1mara debe cumplirse\u201d, explic\u00f3.<\/p>\n\n\n\n<p>Finalmente &#8211; sobre la demanda de cumplimiento de contrato &#8211; el Estado nacional tiene tiempo hasta octubre para dar una respuesta.<\/p>\n\n\n\n<p><strong>Fuente: www.diariouno.com.ar<\/strong><\/p>\n","protected":false},"excerpt":{"rendered":"<p>Despu\u00e9s de la confirmaci\u00f3n de la C\u00e1mara Federal de Apelaciones de Mendoza a los planteos del Municipio de\u00a0San Rafael, respecto a la necesidad de que el\u00a0Estado nacional preserve lo ejecutado y finalice el gasoducto, el intendente\u00a0Omar F\u00e9lix\u00a0insisti\u00f3 en que la prioridad para solucionar el tema &#8220;siempre ser\u00e1 la v\u00eda del\u00a0di\u00e1logo\u201d. &#8220;Para nosotros es importante que [&hellip;]<\/p>\n","protected":false},"author":2,"featured_media":9022,"comment_status":"open","ping_status":"open","sticky":false,"template":"","format":"standard","meta":[],"categories":[47],"tags":[],"_links":{"self":[{"href":"https:\/\/pasaenmendoza.com\/index.php?rest_route=\/wp\/v2\/posts\/9021"}],"collection":[{"href":"https:\/\/pasaenmendoza.com\/index.php?rest_route=\/wp\/v2\/posts"}],"about":[{"href":"https:\/\/pasaenmendoza.com\/index.php?rest_route=\/wp\/v2\/types\/post"}],"author":[{"embeddable":true,"href":"https:\/\/pasaenmendoza.com\/index.php?rest_route=\/wp\/v2\/users\/2"}],"replies":[{"embeddable":true,"href":"https:\/\/pasaenmendoza.com\/index.php?rest_route=%2Fwp%2Fv2%2Fcomments&post=9021"}],"version-history":[{"count":1,"href":"https:\/\/pasaenmendoza.com\/index.php?rest_route=\/wp\/v2\/posts\/9021\/revisions"}],"predecessor-version":[{"id":9023,"href":"https:\/\/pasaenmendoza.com\/index.php?rest_route=\/wp\/v2\/posts\/9021\/revisions\/9023"}],"wp:featuredmedia":[{"embeddable":true,"href":"https:\/\/pasaenmendoza.com\/index.php?rest_route=\/wp\/v2\/media\/9022"}],"wp:attachment":[{"href":"https:\/\/pasaenmendoza.com\/index.php?rest_route=%2Fwp%2Fv2%2Fmedia&parent=9021"}],"wp:term":[{"taxonomy":"category","embeddable":true,"href":"https:\/\/pasaenmendoza.com\/index.php?rest_route=%2Fwp%2Fv2%2Fcategories&post=9021"},{"taxonomy":"post_tag","embeddable":true,"href":"https:\/\/pasaenmendoza.com\/index.php?rest_route=%2Fwp%2Fv2%2Ftags&post=9021"}],"curies":[{"name":"wp","href":"https:\/\/api.w.org\/{rel}","templated":true}]}}