{"id":9033,"date":"2024-08-26T23:35:35","date_gmt":"2024-08-26T21:35:35","guid":{"rendered":"https:\/\/pasaenmendoza.com\/?p=9033"},"modified":"2024-08-26T23:35:36","modified_gmt":"2024-08-26T21:35:36","slug":"tormenta-de-santa-rosa-revelan-cuando-llegara-a-mendoza-y-cual-sera-su-impacto","status":"publish","type":"post","link":"https:\/\/pasaenmendoza.com\/?p=9033","title":{"rendered":"Tormenta de Santa Rosa: revelan cu\u00e1ndo llegar\u00e1 a Mendoza y cu\u00e1l ser\u00e1 su impacto"},"content":{"rendered":"\n<p>Arranc\u00f3 la \u00faltima semana de agosto y muchos se preguntan qu\u00e9 pasar\u00e1 con la tradicional tormenta de&nbsp;<strong>Santa Rosa<\/strong>, un fen\u00f3meno meteorol\u00f3gico caracterizado por&nbsp;<strong>lluvias intensas<\/strong>, directamente relacionado con una fiesta religiosa que tiene a Santa Rosa de Lima como la principal protagonista.<\/p>\n\n\n\n<p>Este a\u00f1o,&nbsp;<strong>la famosa tormenta se registrar\u00e1 en Mendoza entre el jueves 29 y el viernes 30 de agosto.<\/strong><\/p>\n\n\n\n<p><em>\u201cEst\u00e1 previsto que el jueves, en horas de la tarde-noche ingrese un frente fr\u00edo a la provincia que dejar\u00e1 un cielo parcialmente nublado, precipitaciones, descenso de la temperatura y nevadas en la cordillera\u201d<\/em>, explic\u00f3 el meteor\u00f3logo\u00a0<strong>Fernando Jara<\/strong>\u00a0, quien agreg\u00f3 que la m\u00ednima ser\u00e1 de 4 grados y la m\u00e1xima de 14.<\/p>\n\n\n\n<p>Las mismas condiciones se mantendr\u00e1n hacia el viernes 30 de agosto,\u00a0<strong>D\u00eda de Santa Rosa de Lima.\u00a0<\/strong><em>\u201cEsa jornada estar\u00e1 nublada, con lluvias en varios sectores del llano, aguanieve en precordillera y nevadas en cordillera\u201d<\/em>, afirm\u00f3 Jara.\u00a0<strong>La m\u00ednima ser\u00e1 de 1 grados y la m\u00e1xima no superar\u00e1 los 9.<\/strong><\/p>\n\n\n\n<h2 class=\"wp-block-heading\" id=\"h-que-es-la-tormenta-de-santa-rosa\">Qu\u00e9 es la tormenta de Santa Rosa<\/h2>\n\n\n\n<p>El fen\u00f3meno adquiri\u00f3 su nombre particular en honor de&nbsp;<strong>Santa Rosa de Lima.<\/strong>&nbsp;El mito tiene su origen en 1561, cuando el corsario holand\u00e9s Joris van Spilbergen intent\u00f3 saquear la capital de Per\u00fa.<\/p>\n\n\n\n<p>Entre los habitantes lime\u00f1os que se alistaron para frenar el ataque estaba Isabel Flores de Oliva, posteriormente canonizada con el nombre de Santa Rosa.<\/p>\n\n\n\n<p>A sus 29 a\u00f1os, se instal\u00f3 en la Iglesia Nuestra Se\u00f1ora del Rosario para rezar y suplicarle a la Virgen la&nbsp;<strong>salvaci\u00f3n de Lima<\/strong>. Cuando los piratas holandeses estaban por desembarcar en la ciudad,&nbsp;<strong>se desat\u00f3 una gran tormenta que impidi\u00f3 la invasi\u00f3n<\/strong>.<\/p>\n\n\n\n<h2 class=\"wp-block-heading\" id=\"h-cuando-llega-santa-rosa-a-la-argentina\">Cu\u00e1ndo llega Santa Rosa a la Argentina<\/h2>\n\n\n\n<p>Aunque la creencia popular sostiene que la tormenta de Santa Rosa ocurre todos los a\u00f1os alrededor del 30 de agosto,&nbsp;<strong>no es una regla fija ni un fen\u00f3meno meteorol\u00f3gico garantizado.<\/strong><\/p>\n\n\n\n<p>Sin embargo las condiciones atmosf\u00e9ricas actuales sugieren que en 2024\u00a0<strong>podr\u00eda presentarse en varias regiones del pa\u00eds<\/strong>, generando lluvias y tormentas de diversa intensidad durante este per\u00edodo.<\/p>\n\n\n\n<p>Diferentes factores atmosf\u00e9ricos influyen en su ocurrencia, que fundamentalmente se debe al choque de las primeras masas de aire c\u00e1lido que comienzan a incidir sobre los frentes fr\u00edos, en v\u00edspera de la primavera.<\/p>\n\n\n\n<p>En tal sentido, se espera un cambio en los patrones de circulaci\u00f3n atmosf\u00e9rica, t\u00edpicos de esta \u00e9poca del a\u00f1o, que marcar\u00e1 el inicio de un clima m\u00e1s propio de la primavera. Este cambio implica un&nbsp;<strong>mayor ingreso de humedad en el centro de la Argentina<\/strong>, acompa\u00f1ado de un aumento gradual de las temperaturas y un incremento en las horas de luz solar.<\/p>\n\n\n\n<p>Estos factores combinados podr\u00edan desencadenar la formaci\u00f3n de tormentas hacia el final de la pr\u00f3xima semana en el&nbsp;<strong>norte de Cuyo, La Rioja, C\u00f3rdoba.&nbsp;<\/strong>&nbsp;Luego se van a desplazar hacia el este a medida que el sistema de baja presi\u00f3n se profundice, se\u00f1al\u00f3 el portal Meteored.<\/p>\n\n\n\n<p>La tormenta tambi\u00e9n&nbsp;afectar\u00e1 a las provincias de&nbsp;<strong>Santa Fe, Entre R\u00edos, Buenos Aires y ciudad de Buenos Aires<\/strong>, con un probable impacto en parte de La Pampa.<\/p>\n\n\n\n<h2 class=\"wp-block-heading\" id=\"h-efecto-primavera\">Efecto primavera<\/h2>\n\n\n\n<p>Luego de ambas jornadas grises y fr\u00edas, la tendencia indica que&nbsp;<strong>para el fin de semana mejoran las condiciones meteorol\u00f3gicas en Mendoza.<\/strong><\/p>\n\n\n\n<p>Si bien para el s\u00e1bado se esperan heladas parciales, luego habr\u00e1 ascenso de la temperatura.\u00a0<strong>La m\u00ednima ser\u00e1 de -1 grado y la m\u00e1xima llegar\u00e1 a los 18.<\/strong><\/p>\n\n\n\n<p>En tanto, el\u00a0<strong>domingo\u00a0<\/strong>el cielo estar\u00e1 soleado, buen tiempo en general y con la\u00a0<strong>m\u00e1xima en ascenso que podr\u00eda llegar a los 24 grados.<\/strong><\/p>\n\n\n\n<p><strong>Fuente: www.elsol.com.ar<\/strong><\/p>\n","protected":false},"excerpt":{"rendered":"<p>Arranc\u00f3 la \u00faltima semana de agosto y muchos se preguntan qu\u00e9 pasar\u00e1 con la tradicional tormenta de&nbsp;Santa Rosa, un fen\u00f3meno meteorol\u00f3gico caracterizado por&nbsp;lluvias intensas, directamente relacionado con una fiesta religiosa que tiene a Santa Rosa de Lima como la principal protagonista. Este a\u00f1o,&nbsp;la famosa tormenta se registrar\u00e1 en Mendoza entre el jueves 29 y el [&hellip;]<\/p>\n","protected":false},"author":2,"featured_media":9034,"comment_status":"open","ping_status":"open","sticky":false,"template":"","format":"standard","meta":[],"categories":[52],"tags":[],"_links":{"self":[{"href":"https:\/\/pasaenmendoza.com\/index.php?rest_route=\/wp\/v2\/posts\/9033"}],"collection":[{"href":"https:\/\/pasaenmendoza.com\/index.php?rest_route=\/wp\/v2\/posts"}],"about":[{"href":"https:\/\/pasaenmendoza.com\/index.php?rest_route=\/wp\/v2\/types\/post"}],"author":[{"embeddable":true,"href":"https:\/\/pasaenmendoza.com\/index.php?rest_route=\/wp\/v2\/users\/2"}],"replies":[{"embeddable":true,"href":"https:\/\/pasaenmendoza.com\/index.php?rest_route=%2Fwp%2Fv2%2Fcomments&post=9033"}],"version-history":[{"count":1,"href":"https:\/\/pasaenmendoza.com\/index.php?rest_route=\/wp\/v2\/posts\/9033\/revisions"}],"predecessor-version":[{"id":9035,"href":"https:\/\/pasaenmendoza.com\/index.php?rest_route=\/wp\/v2\/posts\/9033\/revisions\/9035"}],"wp:featuredmedia":[{"embeddable":true,"href":"https:\/\/pasaenmendoza.com\/index.php?rest_route=\/wp\/v2\/media\/9034"}],"wp:attachment":[{"href":"https:\/\/pasaenmendoza.com\/index.php?rest_route=%2Fwp%2Fv2%2Fmedia&parent=9033"}],"wp:term":[{"taxonomy":"category","embeddable":true,"href":"https:\/\/pasaenmendoza.com\/index.php?rest_route=%2Fwp%2Fv2%2Fcategories&post=9033"},{"taxonomy":"post_tag","embeddable":true,"href":"https:\/\/pasaenmendoza.com\/index.php?rest_route=%2Fwp%2Fv2%2Ftags&post=9033"}],"curies":[{"name":"wp","href":"https:\/\/api.w.org\/{rel}","templated":true}]}}