{"id":9037,"date":"2024-08-28T00:00:45","date_gmt":"2024-08-27T22:00:45","guid":{"rendered":"https:\/\/pasaenmendoza.com\/?p=9037"},"modified":"2024-08-28T00:00:46","modified_gmt":"2024-08-27T22:00:46","slug":"el-gobierno-de-mendoza-invertira-188-millones-en-un-sistema-para-poner-onda-verde-en-la-costanera","status":"publish","type":"post","link":"https:\/\/pasaenmendoza.com\/?p=9037","title":{"rendered":"El Gobierno de Mendoza invertir\u00e1 $188 millones en un sistema para poner &#8220;onda verde&#8221; en la Costanera"},"content":{"rendered":"\n<p>Los enormes\u00a0<strong>congestionamientos de la Costanera<\/strong>\u00a0y varias de las calles aleda\u00f1as, que en algunas ocasiones terminan en accidentes, habr\u00edan influido para que el\u00a0<strong>Gobierno de Mendoza<\/strong>\u00a0decida invertir<strong>\u00a0$188 millones en un centro de gesti\u00f3n y monitoreo de los sem\u00e1foros<\/strong>, que acelere los flujos de tr\u00e1nsito e instale una &#8220;onda verde&#8221;, sincroniz\u00e1ndolos.<\/p>\n\n\n\n<p>El llamado a licitaci\u00f3n se hizo con la resoluci\u00f3n N\u00b0 429 publicada este martes en el Bolet\u00edn Oficial, con la firma del ministro de Gobierno, Infraestructura y Desarrollo Territorial, Natalio Mema. Por los tiempos administrativos, la obra podr\u00eda comenzar en un plazo de entre 45 y 60 d\u00edas.<\/p>\n\n\n\n<p>&#8220;Nuestro\u00a0<strong>sistema semaf\u00f3rico cubre 800 intersecciones<\/strong>\u00a0y hay zonas en las que necesitamos agilizar el flujo de tr\u00e1nsito con un sistema que lo haga m\u00e1s din\u00e1mico. Esta licitaci\u00f3n busca que tengamos un centro de monitoreo y modernizar la red semaf\u00f3rica que nos d\u00e9 m\u00e1s dinamismo y podamos definir una onda verde atendiendo los d\u00edas, las horas y el tr\u00e1nsito de las determinadas arterias&#8221;, explic\u00f3 el director de Transporte, Luis Borrego.<\/p>\n\n\n\n<p>El funcionario explic\u00f3 que en los planes del Gobierno est\u00e1 intervenir m\u00e1s de la mitad de los sem\u00e1foros para incluir la tecnolog\u00eda que permita interconectarlos con ese centro de monitoreo. En la primera etapa comenzar\u00e1n con los aparatos comprendidos entre la rotonda del Avi\u00f3n hasta calle Brasil en Ciudad.<\/p>\n\n\n\n<p>El gasto autorizado para el proyecto asciende a un total de $188.719.800, monto que ser\u00e1 atendido por la Tesorer\u00eda General de provincia proveniente del Presupuesto 2024.<\/p>\n\n\n\n<h2 class=\"wp-block-heading\">El Gobierno de Mendoza incorporar\u00e1 c\u00e1maras sensoras y pedestales<\/h2>\n\n\n\n<p>Borrego adelant\u00f3 que el sistema que pretenden incorporar supondr\u00e1<strong>\u00a0incorporar en varias de las intersecciones c\u00e1maras sensoras que permitan registrar el flujo vehicular<\/strong>\u00a0en esas zonas. Con esa informaci\u00f3n, el nuevo centro de monitoreo podr\u00e1 definir la onda verde en funci\u00f3n de la cantidad de tr\u00e1nsito que haya en determinadas horas del d\u00eda y en d\u00edas puntuales.<\/p>\n\n\n\n<p>Tambi\u00e9n habr\u00e1 que colocar algunos pedestales en una importante cantidad de sem\u00e1foros, pero seg\u00fan el titular de Transporte eso no afectar\u00eda el tr\u00e1nsito y hasta planean hacer trabajos nocturnos con la meta de interferir lo menos posible en el flujo de esas arterias.<\/p>\n\n\n\n<p>&#8220;Est\u00e1 previsto que una vez que se conozcan las ofertas se pueda comenzar con esa tarea que podr\u00eda llevar unos 90 d\u00edas, al menos en esta primera etapa en la Costanera&#8221;, asegur\u00f3.<\/p>\n\n\n\n<p><strong>Fuente: www.diariouno.com.ar<\/strong><\/p>\n","protected":false},"excerpt":{"rendered":"<p>Los enormes\u00a0congestionamientos de la Costanera\u00a0y varias de las calles aleda\u00f1as, que en algunas ocasiones terminan en accidentes, habr\u00edan influido para que el\u00a0Gobierno de Mendoza\u00a0decida invertir\u00a0$188 millones en un centro de gesti\u00f3n y monitoreo de los sem\u00e1foros, que acelere los flujos de tr\u00e1nsito e instale una &#8220;onda verde&#8221;, sincroniz\u00e1ndolos. El llamado a licitaci\u00f3n se hizo con [&hellip;]<\/p>\n","protected":false},"author":2,"featured_media":9038,"comment_status":"open","ping_status":"open","sticky":false,"template":"","format":"standard","meta":[],"categories":[47],"tags":[],"_links":{"self":[{"href":"https:\/\/pasaenmendoza.com\/index.php?rest_route=\/wp\/v2\/posts\/9037"}],"collection":[{"href":"https:\/\/pasaenmendoza.com\/index.php?rest_route=\/wp\/v2\/posts"}],"about":[{"href":"https:\/\/pasaenmendoza.com\/index.php?rest_route=\/wp\/v2\/types\/post"}],"author":[{"embeddable":true,"href":"https:\/\/pasaenmendoza.com\/index.php?rest_route=\/wp\/v2\/users\/2"}],"replies":[{"embeddable":true,"href":"https:\/\/pasaenmendoza.com\/index.php?rest_route=%2Fwp%2Fv2%2Fcomments&post=9037"}],"version-history":[{"count":1,"href":"https:\/\/pasaenmendoza.com\/index.php?rest_route=\/wp\/v2\/posts\/9037\/revisions"}],"predecessor-version":[{"id":9039,"href":"https:\/\/pasaenmendoza.com\/index.php?rest_route=\/wp\/v2\/posts\/9037\/revisions\/9039"}],"wp:featuredmedia":[{"embeddable":true,"href":"https:\/\/pasaenmendoza.com\/index.php?rest_route=\/wp\/v2\/media\/9038"}],"wp:attachment":[{"href":"https:\/\/pasaenmendoza.com\/index.php?rest_route=%2Fwp%2Fv2%2Fmedia&parent=9037"}],"wp:term":[{"taxonomy":"category","embeddable":true,"href":"https:\/\/pasaenmendoza.com\/index.php?rest_route=%2Fwp%2Fv2%2Fcategories&post=9037"},{"taxonomy":"post_tag","embeddable":true,"href":"https:\/\/pasaenmendoza.com\/index.php?rest_route=%2Fwp%2Fv2%2Ftags&post=9037"}],"curies":[{"name":"wp","href":"https:\/\/api.w.org\/{rel}","templated":true}]}}