{"id":9040,"date":"2024-08-28T00:07:10","date_gmt":"2024-08-27T22:07:10","guid":{"rendered":"https:\/\/pasaenmendoza.com\/?p=9040"},"modified":"2024-08-28T00:07:11","modified_gmt":"2024-08-27T22:07:11","slug":"cornejo-decreto-un-aumento-del-14-para-contratados-por-el-estado-provincial","status":"publish","type":"post","link":"https:\/\/pasaenmendoza.com\/?p=9040","title":{"rendered":"Cornejo decret\u00f3 un aumento del 14% para contratados por el Estado provincial"},"content":{"rendered":"\n<p>El Gobierno de\u00a0<strong>Mendoza\u00a0<\/strong>otorg\u00f3 un\u00a0<strong>aumento\u00a0<\/strong>salarial por decreto a los\u00a0<strong>empleados p\u00fablicos contratados<\/strong>. La suba ser\u00e1 del\u00a0<strong>14%<\/strong>\u00a0para agosto respecto al sueldo percibido por estos estatales el mes anterior.<\/p>\n\n\n\n<p>A trav\u00e9s del decreto N\u00b0 1462, publicado este martes en el Bolet\u00edn Oficial, el gobernador\u00a0<strong>Alfredo Cornejo<\/strong>\u00a0estableci\u00f3 un incremento en los honorarios consistente en un\u00a0<strong>14% a partir de agosto<\/strong>\u00a0de 2024, calculado sobre la base de los honorarios correspondientes al mes anterior para los empleados p\u00fablicos contratados.<\/p>\n\n\n\n<p>El Gobierno afirma que este aumento por decreto se otorga debido a que los estatales\u00a0<strong>contratados\u00a0<\/strong>no est\u00e1n alcanzados por los incrementos salariales que se acuerdan en el marco de las\u00a0<strong>paritarias<\/strong>\u00a0con las entidades sindicales representativas de los agentes p\u00fablicos.<\/p>\n\n\n\n<h2 class=\"wp-block-heading\">A qui\u00e9nes beneficia el aumento salarial para estatales por decreto<\/h2>\n\n\n\n<p>La norma establece que ese porcentaje resuelto aplica a:<\/p>\n\n\n\n<ul>\n<li>Contrato de locaci\u00f3n de Obras o Servicios: incluye aquellos con honorarios determinados en horas m\u00f3dulo deportivo o cualquier otra forma de contrataci\u00f3n.<\/li>\n\n\n\n<li>Financiamiento con rentas generales o recursos afectados: aplica contratos financiados por estos medios, exceptuando aquellos financiados por \u201caranceles por servicio a la salud\u201d.<\/li>\n<\/ul>\n\n\n\n<p>Las autoridades provinciales expresaron en el decreto que \u201ces razonable, oportuno y conveniente otorgar un\u00a0<strong>incremento del 14%<\/strong>\u00a0a partir del mes de\u00a0<strong>agosto\u00a0<\/strong>2024, a fin de atender la situaci\u00f3n de estas contrataciones, tomando en consideraci\u00f3n la situaci\u00f3n macroecon\u00f3mica y dentro de las posibilidades financieras presupuestarias de la Provincia\u201d.<\/p>\n\n\n\n<p><strong>Fuente: www.diariouno.com.ar<\/strong><\/p>\n\n\n\n<p><a rel=\"noreferrer noopener\" href=\"https:\/\/www.facebook.com\/dialog\/feed?app_id=161316767303985&amp;link=https%3A%2F%2Fwww.diariouno.com.ar%2Fpolitica%2Fcornejo-decreto-un-aumento-del-14-contratados-el-estado-provincial-n1347237&amp;name=Cornejo+decret%C3%B3+un+aumento+del+14%25+para+contratados+por+el+Estado+provincial&amp;caption=Estatales&amp;description=El+gobernador+Alfredo+Cornejo+le+otorg%C3%B3+un+incremento+del+14%25+para+los+sueldos+de+agosto+a+un+importante+grupo+de+trabajadores+p%C3%BAblicos&amp;redirect_uri=https%3A%2F%2Fwww.diariouno.com.ar%2Fpolitica%2Fcornejo-decreto-un-aumento-del-14-contratados-el-estado-provincial-n1347237\" target=\"_blank\"><\/a><\/p>\n","protected":false},"excerpt":{"rendered":"<p>El Gobierno de\u00a0Mendoza\u00a0otorg\u00f3 un\u00a0aumento\u00a0salarial por decreto a los\u00a0empleados p\u00fablicos contratados. La suba ser\u00e1 del\u00a014%\u00a0para agosto respecto al sueldo percibido por estos estatales el mes anterior. A trav\u00e9s del decreto N\u00b0 1462, publicado este martes en el Bolet\u00edn Oficial, el gobernador\u00a0Alfredo Cornejo\u00a0estableci\u00f3 un incremento en los honorarios consistente en un\u00a014% a partir de agosto\u00a0de 2024, calculado [&hellip;]<\/p>\n","protected":false},"author":2,"featured_media":9041,"comment_status":"open","ping_status":"open","sticky":false,"template":"","format":"standard","meta":[],"categories":[79],"tags":[],"_links":{"self":[{"href":"https:\/\/pasaenmendoza.com\/index.php?rest_route=\/wp\/v2\/posts\/9040"}],"collection":[{"href":"https:\/\/pasaenmendoza.com\/index.php?rest_route=\/wp\/v2\/posts"}],"about":[{"href":"https:\/\/pasaenmendoza.com\/index.php?rest_route=\/wp\/v2\/types\/post"}],"author":[{"embeddable":true,"href":"https:\/\/pasaenmendoza.com\/index.php?rest_route=\/wp\/v2\/users\/2"}],"replies":[{"embeddable":true,"href":"https:\/\/pasaenmendoza.com\/index.php?rest_route=%2Fwp%2Fv2%2Fcomments&post=9040"}],"version-history":[{"count":1,"href":"https:\/\/pasaenmendoza.com\/index.php?rest_route=\/wp\/v2\/posts\/9040\/revisions"}],"predecessor-version":[{"id":9042,"href":"https:\/\/pasaenmendoza.com\/index.php?rest_route=\/wp\/v2\/posts\/9040\/revisions\/9042"}],"wp:featuredmedia":[{"embeddable":true,"href":"https:\/\/pasaenmendoza.com\/index.php?rest_route=\/wp\/v2\/media\/9041"}],"wp:attachment":[{"href":"https:\/\/pasaenmendoza.com\/index.php?rest_route=%2Fwp%2Fv2%2Fmedia&parent=9040"}],"wp:term":[{"taxonomy":"category","embeddable":true,"href":"https:\/\/pasaenmendoza.com\/index.php?rest_route=%2Fwp%2Fv2%2Fcategories&post=9040"},{"taxonomy":"post_tag","embeddable":true,"href":"https:\/\/pasaenmendoza.com\/index.php?rest_route=%2Fwp%2Fv2%2Ftags&post=9040"}],"curies":[{"name":"wp","href":"https:\/\/api.w.org\/{rel}","templated":true}]}}