{"id":9049,"date":"2024-08-29T00:22:31","date_gmt":"2024-08-28T22:22:31","guid":{"rendered":"https:\/\/pasaenmendoza.com\/?p=9049"},"modified":"2024-08-29T00:22:32","modified_gmt":"2024-08-28T22:22:32","slug":"el-ministro-de-salud-presento-la-maternidad-y-las-nuevas-autoridades-del-hospital-lagomaggiore","status":"publish","type":"post","link":"https:\/\/pasaenmendoza.com\/?p=9049","title":{"rendered":"El ministro de Salud present\u00f3 la maternidad y las nuevas autoridades del hospital Lagomaggiore"},"content":{"rendered":"\n<p>El ministro de Salud de Mendoza,\u00a0<strong>Rodolfo Montero<\/strong>, mostr\u00f3 este mi\u00e9rcoles la recientemente inaugurada\u00a0<strong>maternidad\u00a0<\/strong>del\u00a0<strong>hospital Lagomaggiore<\/strong>\u00a0y present\u00f3 a las nuevas autoridades de la instituci\u00f3n: la doctora\u00a0<strong>Valentina Albornoz<\/strong>\u00a0ser\u00e1 la directora general y a cargo del \u00e1rea donde se realizan los partos quedar\u00e1 la doctora\u00a0<strong>Natalia Curtis<\/strong>.<\/p>\n\n\n\n<p>Montero no esquiv\u00f3 el&nbsp;<strong>debate&nbsp;<\/strong>con quienes critican el cierre de la maternidad del&nbsp;<strong>Hospital Carrillo<\/strong>, de Las Heras, que se conoci\u00f3 d\u00edas atr\u00e1s (de hecho, durante la ma\u00f1ana de este martes hubo un abrazo simb\u00f3lico para reclamar por la reapertura de ese sector).<\/p>\n\n\n\n<p>El ministro explic\u00f3 que en el nosocomio lasherino &#8220;se hacen menos partos en un mes que los que el Lagomaggiore hace en un d\u00eda&#8221;, a lo que se suma -destac\u00f3- que\u00a0<strong>el Carrillo &#8220;no cuenta con las condiciones de seguridad adecuadas&#8221;<\/strong>. Tambi\u00e9n asegur\u00f3 que 24 empleados pasar\u00e1n a ese centro asistencial: 8 neonat\u00f3logos y 16 enfermeros.<\/p>\n\n\n\n<p>Y a\u00f1adi\u00f3: &#8220;No tiene sentido que nosotros privemos a los 13, 14 o 15 partos que se hacen por mes en el Carrillo de poder realizarse en esta nueva&nbsp;<strong>maternidad<\/strong>. Me gustar\u00eda que la comunidad se pregunte: si tuvieran a un familiar en una situaci\u00f3n de parto \u00bfles gustar\u00eda que fuera a un lugar sin las condiciones necesarias, o a una maternidad como esta, que es<strong>&nbsp;la m\u00e1s importante y moderna del oeste argentino?<\/strong>&#8220;.<\/p>\n\n\n\n<h2 class=\"wp-block-heading\">Rodolfo Montero neg\u00f3 recortes<\/h2>\n\n\n\n<p>Respecto al futuro del&nbsp;<strong>Lagomaggiore<\/strong>, el ministro recalc\u00f3 que &#8220;se va a potenciar todo lo que se ha hecho bien&#8221;. Adem\u00e1s, calific\u00f3 de &#8220;<strong>caraduras<\/strong>&#8221; a quienes critican sin conocer en detalle los cambios en la&nbsp;<strong>salud p\u00fablica<\/strong>.<\/p>\n\n\n\n<p>&#8220;Queremos transmitir&nbsp;<strong>tranquilidad al personal&nbsp;<\/strong>y le pedimos su apoyo. Sin duda este hospital va a seguir un camino de mayor complejidad. Ya lo hicimos con la maternidad y seguiremos con el \u00e1rea&nbsp;<strong>quir\u00fargica<\/strong>&#8220;, aclar\u00f3 Montero; y destac\u00f3 el rol que desempe\u00f1\u00f3 la directora saliente,&nbsp;<strong>M\u00f3nica Rinaldi<\/strong>, de quien dijo haber aprendido mucho.<\/p>\n\n\n\n<p>Rinaldi pasar\u00e1 a conducir el servicio de\u00a0<strong>Neonatolog\u00eda del hospital Paroissien<\/strong>\u00a0(Maip\u00fa).<\/p>\n\n\n\n<h2 class=\"wp-block-heading\">Las nuevas autoridades del Lagomaggiore<\/h2>\n\n\n\n<p>A su turno, las&nbsp;<strong>nuevas autoridades<\/strong>&nbsp;<strong>del hospital Lagomaggiore<\/strong>&nbsp;expresaron su satisfacci\u00f3n ante el desaf\u00edo que comienza.<\/p>\n\n\n\n<p>La doctora&nbsp;<strong>Valentina Albornoz<\/strong>&nbsp;es la nueva directora. La ginec\u00f3loga llega con un perfil joven, no muy afecta a las declaraciones pero&nbsp;<strong>asertiva&nbsp;<\/strong>en su modo de expresarse. Muchos mendocinos la conocen por su consultorio particular, al tiempo que ella misma se encarg\u00f3 de subrayar lo que siente por la instituci\u00f3n.<\/p>\n\n\n\n<p>&#8220;Tengo\u00a0<strong>amor por este hospital<\/strong>, que representa los valores que han regido mi vida profesional entera. Y no veo en absoluto como un m\u00e9rito profesional estar ac\u00e1, porque siento que estoy en representaci\u00f3n de un\u00a0<strong>equipo<\/strong>&#8220;, se\u00f1al\u00f3 Albornoz.<\/p>\n\n\n\n<p>Curtis, la nueva jefa de\u00a0<strong>Maternidad<\/strong>, admiti\u00f3 que &#8220;la vara est\u00e1 muy alta&#8221; en esa zona de la salud p\u00fablica provincial, pero anticip\u00f3 nuevos esfuerzos por seguir mejorando.<\/p>\n\n\n\n<p><strong>Fuente: www.diariouno.com.ar<\/strong><\/p>\n","protected":false},"excerpt":{"rendered":"<p>El ministro de Salud de Mendoza,\u00a0Rodolfo Montero, mostr\u00f3 este mi\u00e9rcoles la recientemente inaugurada\u00a0maternidad\u00a0del\u00a0hospital Lagomaggiore\u00a0y present\u00f3 a las nuevas autoridades de la instituci\u00f3n: la doctora\u00a0Valentina Albornoz\u00a0ser\u00e1 la directora general y a cargo del \u00e1rea donde se realizan los partos quedar\u00e1 la doctora\u00a0Natalia Curtis. Montero no esquiv\u00f3 el&nbsp;debate&nbsp;con quienes critican el cierre de la maternidad del&nbsp;Hospital Carrillo, [&hellip;]<\/p>\n","protected":false},"author":2,"featured_media":9050,"comment_status":"open","ping_status":"open","sticky":false,"template":"","format":"standard","meta":[],"categories":[58],"tags":[],"_links":{"self":[{"href":"https:\/\/pasaenmendoza.com\/index.php?rest_route=\/wp\/v2\/posts\/9049"}],"collection":[{"href":"https:\/\/pasaenmendoza.com\/index.php?rest_route=\/wp\/v2\/posts"}],"about":[{"href":"https:\/\/pasaenmendoza.com\/index.php?rest_route=\/wp\/v2\/types\/post"}],"author":[{"embeddable":true,"href":"https:\/\/pasaenmendoza.com\/index.php?rest_route=\/wp\/v2\/users\/2"}],"replies":[{"embeddable":true,"href":"https:\/\/pasaenmendoza.com\/index.php?rest_route=%2Fwp%2Fv2%2Fcomments&post=9049"}],"version-history":[{"count":1,"href":"https:\/\/pasaenmendoza.com\/index.php?rest_route=\/wp\/v2\/posts\/9049\/revisions"}],"predecessor-version":[{"id":9051,"href":"https:\/\/pasaenmendoza.com\/index.php?rest_route=\/wp\/v2\/posts\/9049\/revisions\/9051"}],"wp:featuredmedia":[{"embeddable":true,"href":"https:\/\/pasaenmendoza.com\/index.php?rest_route=\/wp\/v2\/media\/9050"}],"wp:attachment":[{"href":"https:\/\/pasaenmendoza.com\/index.php?rest_route=%2Fwp%2Fv2%2Fmedia&parent=9049"}],"wp:term":[{"taxonomy":"category","embeddable":true,"href":"https:\/\/pasaenmendoza.com\/index.php?rest_route=%2Fwp%2Fv2%2Fcategories&post=9049"},{"taxonomy":"post_tag","embeddable":true,"href":"https:\/\/pasaenmendoza.com\/index.php?rest_route=%2Fwp%2Fv2%2Ftags&post=9049"}],"curies":[{"name":"wp","href":"https:\/\/api.w.org\/{rel}","templated":true}]}}