{"id":905,"date":"2023-08-24T14:22:25","date_gmt":"2023-08-24T12:22:25","guid":{"rendered":"https:\/\/pasaenmendoza.com\/?p=905"},"modified":"2023-08-24T14:22:26","modified_gmt":"2023-08-24T12:22:26","slug":"suarez-y-cornejo-hablaron-de-la-situacion-en-la-provincia","status":"publish","type":"post","link":"https:\/\/pasaenmendoza.com\/?p=905","title":{"rendered":"Suarez y Cornejo hablaron de la situaci\u00f3n en la provincia"},"content":{"rendered":"\n<p>La m\u00e1xima autoridad provincial habl\u00f3 de la situaci\u00f3n y las acciones conjuntas con la Justicia y la Naci\u00f3n<\/p>\n\n\n\n<p><strong>\u201cLa provincia y la Naci\u00f3n, est\u00e1n trabajando en conjunto para controlar la situaci\u00f3n social de la provincia\u201d, tal la afirmaci\u00f3n del gobernador Rodolfo Suarez al respecto de los tensos momentos que se vivieron en Mendoza en los \u00faltimos d\u00edas.<\/strong><\/p>\n\n\n\n<p>En una conferencia de prensa,  el primer mandatario asegur\u00f3 que el impulsor de los intentos de saqueos y psicosis colectiva que se pretendi\u00f3 instalar est\u00e1 identificado e imputado por la justicia provincial: \u201cHe dicho que han ocurrido estas \u00faltimas horas en la provincia de Mendoza, como bien lo hemos dado a conocer, en mi caso a trav\u00e9s de la red, cuando dije en un video que no hay que replicar esos mensajes de WhatsApp porque son en la mayor\u00eda falsos, de hecho ya hay alguien que se ha atribuido la autor\u00eda\u201d, indic\u00f3 Suarez.<\/p>\n\n\n\n<p>\u201cDec\u00edamos en su momento que alguien tiene que haber detr\u00e1s de esto\u201d, continu\u00f3, precisando que \u201creci\u00e9n me acaban de anoticiar que la justicia de Mendoza, a trav\u00e9s de los \u00f3rganos pertinentes, ya han tomado intervenci\u00f3n con esta persona que se ha atribuido los hechos y ha actuado de oficio\u201d.<\/p>\n\n\n\n<p>\u201cNosotros est\u00e1bamos preparando para hacer la denuncia, no hizo falta porque la justicia est\u00e1 actuando de oficio y me parece muy bien eso y estamos trabajando en forma conjunta. Lo estoy haciendo con el Gobierno Nacional, porque ac\u00e1 hay que manejar informaci\u00f3n en estos casos, sobre todo sobre estos mensajes falsos y eso. Esto es un delito, incitar a la violencia, es un delito que est\u00e1 penado por el c\u00f3digo penal, y trabajando en forma conjunta con el Poder Ejecutivo, con la Polic\u00eda, con el Gobierno Nacional porque no eso es un hecho de Mendoza, esto es un hecho a nivel nacional\u201d.<\/p>\n\n\n\n<p>Al ser consultado sobre la acci\u00f3n encarada por el Diputado Nacional Omar De Marchi, de solicitar la presencia de Gendarmer\u00eda Nacional en territorio mendocino, muy molesto respondi\u00f3: \u201cNo es necesario, en alg\u00fan momento hay que parar con la campa\u00f1a pol\u00edtica, en un momento hay que tener la responsabilidad del momento\u201d, remarc\u00f3, y asever\u00f3: \u201cno hace falta la gendarmer\u00eda, esos son proyectos para visibilizarse con la gente, en estos momentos campa\u00f1a, realmente a m\u00ed me produce indignaci\u00f3n, no lo puedo definir de otra manera, pero no es necesario, la situaci\u00f3n est\u00e1 controlada, est\u00e1 bien, la polic\u00eda ha actuado muy bien, estamos trabajando, yo agradezco a los mendocinos y a las mendocinas que me hayan escuchado\u201d.<\/p>\n\n\n\n<p>Quien tambi\u00e9n dio su parecer sobre los episodios ocurridos en Las Heras, Guaymall\u00e9n, Godoy Cruz y Tunuy\u00e1n, fue el Senador Nacional, Alfredo Cornejo: \u201cSon dirigentes de actitudes viejas, de actitudes que no tienen nada que ver con la Argentina que estamos viviendo, la Argentina que va a cambiar, que va a cambiar necesariamente, yo tengo mucha esperanza\u201d.<\/p>\n\n\n\n<p>\u201cSin duda que la situaci\u00f3n econ\u00f3mica es p\u00e9sima, y se manifiesta claramente en muchos, entonces la situaci\u00f3n econ\u00f3mica es p\u00e9sima, pero hay un sistema de asistencia que tienen los municipios, distintos signos pol\u00edticos, que tiene el gobierno de la provincia, que tienen muchas provincias, y ese sistema est\u00e1 funcionando\u201d, agreg\u00f3, indicando que \u201ctenemos que salir de esa situaci\u00f3n a una creaci\u00f3n concreta de trabajo genuino, y eso es lo que debemos cambiar\u201d.<\/p>\n\n\n\n<p>\u201cEste personaje, Castells, es un personaje que deber\u00eda estar investigado por esos hechos, porque esos hechos denotan una organizaci\u00f3n detr\u00e1s. Y sin duda que esos audios, alguien los organiz\u00f3, alguien los grab\u00f3, alguien los hizo circular. Ya hay detenidos en ese sentido\u201d, cerr\u00f3 Cornejo.<\/p>\n\n\n\n<p>FUENTE: Ciudadano.news<\/p>\n","protected":false},"excerpt":{"rendered":"<p>La m\u00e1xima autoridad provincial habl\u00f3 de la situaci\u00f3n y las acciones conjuntas con la Justicia y la Naci\u00f3n \u201cLa provincia y la Naci\u00f3n, est\u00e1n trabajando en conjunto para controlar la situaci\u00f3n social de la provincia\u201d, tal la afirmaci\u00f3n del gobernador Rodolfo Suarez al respecto de los tensos momentos que se vivieron en Mendoza en los [&hellip;]<\/p>\n","protected":false},"author":2,"featured_media":906,"comment_status":"open","ping_status":"open","sticky":true,"template":"","format":"standard","meta":[],"categories":[47],"tags":[],"_links":{"self":[{"href":"https:\/\/pasaenmendoza.com\/index.php?rest_route=\/wp\/v2\/posts\/905"}],"collection":[{"href":"https:\/\/pasaenmendoza.com\/index.php?rest_route=\/wp\/v2\/posts"}],"about":[{"href":"https:\/\/pasaenmendoza.com\/index.php?rest_route=\/wp\/v2\/types\/post"}],"author":[{"embeddable":true,"href":"https:\/\/pasaenmendoza.com\/index.php?rest_route=\/wp\/v2\/users\/2"}],"replies":[{"embeddable":true,"href":"https:\/\/pasaenmendoza.com\/index.php?rest_route=%2Fwp%2Fv2%2Fcomments&post=905"}],"version-history":[{"count":1,"href":"https:\/\/pasaenmendoza.com\/index.php?rest_route=\/wp\/v2\/posts\/905\/revisions"}],"predecessor-version":[{"id":907,"href":"https:\/\/pasaenmendoza.com\/index.php?rest_route=\/wp\/v2\/posts\/905\/revisions\/907"}],"wp:featuredmedia":[{"embeddable":true,"href":"https:\/\/pasaenmendoza.com\/index.php?rest_route=\/wp\/v2\/media\/906"}],"wp:attachment":[{"href":"https:\/\/pasaenmendoza.com\/index.php?rest_route=%2Fwp%2Fv2%2Fmedia&parent=905"}],"wp:term":[{"taxonomy":"category","embeddable":true,"href":"https:\/\/pasaenmendoza.com\/index.php?rest_route=%2Fwp%2Fv2%2Fcategories&post=905"},{"taxonomy":"post_tag","embeddable":true,"href":"https:\/\/pasaenmendoza.com\/index.php?rest_route=%2Fwp%2Fv2%2Ftags&post=905"}],"curies":[{"name":"wp","href":"https:\/\/api.w.org\/{rel}","templated":true}]}}