{"id":9052,"date":"2024-08-29T00:31:26","date_gmt":"2024-08-28T22:31:26","guid":{"rendered":"https:\/\/pasaenmendoza.com\/?p=9052"},"modified":"2024-08-29T00:32:36","modified_gmt":"2024-08-28T22:32:36","slug":"mas-de-la-mitad-de-beneficiarios-del-ipv-deben-cuotas-senadores-aprobaron-una-moratoria","status":"publish","type":"post","link":"https:\/\/pasaenmendoza.com\/?p=9052","title":{"rendered":"M\u00e1s de la mitad de beneficiarios del IPV deben cuotas: senadores aprobaron una moratoria"},"content":{"rendered":"\n<p>La C\u00e1mara de&nbsp;<strong>Senadores&nbsp;<\/strong>de Mendoza aprob\u00f3 una iniciativa del Poder Ejecutivo que extiende los plazos para la regulaci\u00f3n y la cancelaci\u00f3n anticipada de viviendas otorgadas por el Instituto Provincial de la Vivienda (<strong>IPV<\/strong>). El proyecto fue aprobado tras someterse a votaci\u00f3n con 30 votos a favor, mientras siete senadores de la Uni\u00f3n Mendocina se abstuvieron de votarlo.<\/p>\n\n\n\n<p>Durante el debate en el recinto, el senador radical&nbsp;<strong>Walter Marcolini<\/strong>&nbsp;inform\u00f3 que 57% de los cr\u00e9ditos activos est\u00e1n en mora y que en el primer plan de regularizaci\u00f3n las arcas provinciales se alzaron con $371.300.000 entre junio de 2022 y diciembre de 2023 ya que el 60% de los morosos cancel\u00f3 sus deudas.<\/p>\n\n\n\n<p>La senadora oficialista&nbsp;<strong>Natacha Eisenchlas<\/strong>&nbsp;cerr\u00f3 el debate defendiendo las pol\u00edticas habitacionales desde 2015, destacando el financiamiento provincial de 15.083 viviendas ante la reducci\u00f3n de aportes nacionales y el presupuesto r\u00e9cord del&nbsp;<strong>IPV&nbsp;<\/strong>para 2024, resaltando la colaboraci\u00f3n p\u00fablico-privada.<\/p>\n\n\n\n<p>El Gobierno se\u00f1al\u00f3 que la medida ya tuvo&nbsp;<strong>sanci\u00f3n completa<\/strong>&nbsp;y est\u00e1 destinada a los&nbsp;<strong>adjudicatarios del IPV<\/strong>&nbsp;con cr\u00e9ditos recibidos hasta noviembre de 2017, propone un r\u00e9gimen de&nbsp;<strong>cancelaci\u00f3n anticipada<\/strong>&nbsp;para quienes se adhieran a una extensi\u00f3n de esa normativa en su vigencia, hasta el 31 de marzo de 2026.<\/p>\n\n\n\n<h2 class=\"wp-block-heading\">El impacto de las modificaciones en cr\u00e9ditos del IPV<\/h2>\n\n\n\n<p>El proyecto cre\u00f3 modificaciones que ampl\u00edan los beneficios ya establecidos para los&nbsp;<strong>adjudicatarios de viviendas y cr\u00e9ditos del IPV<\/strong>, abarcando a un mayor n\u00famero de beneficiarios que se encuentran en distintas etapas del proceso de pago y regularizaci\u00f3n de sus deudas.<\/p>\n\n\n\n<p>Adem\u00e1s, permiti\u00f3 la&nbsp;<strong>cancelaci\u00f3n anticipada<\/strong>&nbsp;de deudas con descuentos significativos y medidas espec\u00edficas para saldos bajos.<\/p>\n\n\n\n<p>La extensi\u00f3n de estos beneficios estar\u00e1 vigente hasta&nbsp;<strong>marzo de 2026<\/strong>, con la posibilidad de prorrogarlo hasta el a\u00f1o siguiente, lo que brinda un plazo adicional para que los beneficiarios puedan regularizar su situaci\u00f3n.<\/p>\n\n\n\n<p><strong>Fuente: www.diariouno.com.ar<\/strong><\/p>\n","protected":false},"excerpt":{"rendered":"<p>La C\u00e1mara de&nbsp;Senadores&nbsp;de Mendoza aprob\u00f3 una iniciativa del Poder Ejecutivo que extiende los plazos para la regulaci\u00f3n y la cancelaci\u00f3n anticipada de viviendas otorgadas por el Instituto Provincial de la Vivienda (IPV). El proyecto fue aprobado tras someterse a votaci\u00f3n con 30 votos a favor, mientras siete senadores de la Uni\u00f3n Mendocina se abstuvieron de [&hellip;]<\/p>\n","protected":false},"author":2,"featured_media":3531,"comment_status":"open","ping_status":"open","sticky":false,"template":"","format":"standard","meta":[],"categories":[65],"tags":[],"_links":{"self":[{"href":"https:\/\/pasaenmendoza.com\/index.php?rest_route=\/wp\/v2\/posts\/9052"}],"collection":[{"href":"https:\/\/pasaenmendoza.com\/index.php?rest_route=\/wp\/v2\/posts"}],"about":[{"href":"https:\/\/pasaenmendoza.com\/index.php?rest_route=\/wp\/v2\/types\/post"}],"author":[{"embeddable":true,"href":"https:\/\/pasaenmendoza.com\/index.php?rest_route=\/wp\/v2\/users\/2"}],"replies":[{"embeddable":true,"href":"https:\/\/pasaenmendoza.com\/index.php?rest_route=%2Fwp%2Fv2%2Fcomments&post=9052"}],"version-history":[{"count":2,"href":"https:\/\/pasaenmendoza.com\/index.php?rest_route=\/wp\/v2\/posts\/9052\/revisions"}],"predecessor-version":[{"id":9056,"href":"https:\/\/pasaenmendoza.com\/index.php?rest_route=\/wp\/v2\/posts\/9052\/revisions\/9056"}],"wp:featuredmedia":[{"embeddable":true,"href":"https:\/\/pasaenmendoza.com\/index.php?rest_route=\/wp\/v2\/media\/3531"}],"wp:attachment":[{"href":"https:\/\/pasaenmendoza.com\/index.php?rest_route=%2Fwp%2Fv2%2Fmedia&parent=9052"}],"wp:term":[{"taxonomy":"category","embeddable":true,"href":"https:\/\/pasaenmendoza.com\/index.php?rest_route=%2Fwp%2Fv2%2Fcategories&post=9052"},{"taxonomy":"post_tag","embeddable":true,"href":"https:\/\/pasaenmendoza.com\/index.php?rest_route=%2Fwp%2Fv2%2Ftags&post=9052"}],"curies":[{"name":"wp","href":"https:\/\/api.w.org\/{rel}","templated":true}]}}