{"id":9060,"date":"2024-08-29T00:44:34","date_gmt":"2024-08-28T22:44:34","guid":{"rendered":"https:\/\/pasaenmendoza.com\/?p=9060"},"modified":"2024-08-29T00:44:35","modified_gmt":"2024-08-28T22:44:35","slug":"llega-a-mendoza-una-expo-destinada-a-informaticos-para-mostrar-innovacion-y-ofertas-laborales","status":"publish","type":"post","link":"https:\/\/pasaenmendoza.com\/?p=9060","title":{"rendered":"Llega a Mendoza una expo destinada a inform\u00e1ticos para mostrar innovaci\u00f3n y ofertas laborales"},"content":{"rendered":"\n<p>La expo de inform\u00e1ticos<strong>&nbsp;\u201cUnderc0de Day\u201d se realizar\u00e1 en el Espacio Arizu&nbsp;<\/strong>con charlas de especialistas, stand de empresas, videojuegos, foodtrucks y m\u00fasica entre otras actividades en la que se concentrar\u00e1n destacados inform\u00e1ticos y creativos de la&nbsp;<strong>comunidad&nbsp;TIC<\/strong>.<\/p>\n\n\n\n<p>La cita es para el domingo<strong>&nbsp;8 de septiembre<\/strong>. Se trata de la comunidad creada para compartir saberes, facilitar&nbsp;<strong>aprendizajes y actualizar la oferta educativa<\/strong>&nbsp;inform\u00e1tica, se reunir\u00e1 con entrada gratuita. La jornada promete ser un gran encuentro que mostrar\u00e1 el liderazgo de la provincia en tecnolog\u00edas TIC.<\/p>\n\n\n\n<h2 class=\"wp-block-heading\">Debajo del c\u00f3digo<\/h2>\n\n\n\n<p>Fue en 1946 cuando para algunos investigadores nace la \u201cera de la inform\u00e1tica\u201d, en aqu\u00e9l momento se present\u00f3 la creaci\u00f3n por parte del ej\u00e9rcito de los Estados Unidos, de un calculador e integrador num\u00e9rico electr\u00f3nico, que pod\u00eda calcular la trayectoria de un proyectil, antes de ser lanzado desde un ca\u00f1\u00f3n. Ese proceso requiri\u00f3 la utilizaci\u00f3n de la ciencia y sus m\u00e9todos, para almacenar, procesar y transmitir informaci\u00f3n de manera automatizada. Fue entonces la inform\u00e1tica a trav\u00e9s de los humanos y sus saberes, quien permiti\u00f3 eso y es la inform\u00e1tica la que revoluciona constantemente el mundo con sus distintos avances tecnol\u00f3gicos, una revoluci\u00f3n que \u201cUnderc0de\u201d promete renovar con su expo en Mendoza.<\/p>\n\n\n\n<p>El gran encuentro donde habr\u00e1 desde estudiantes interesados en saber qu\u00e9 carrera cursar vinculada a las nuevas tecnolog\u00edas en inform\u00e1tica a personalidades o empresas que han asombrado al mercado, los que se reunir\u00e1n para intercambiar generosamente sus saberes, lo que es la esencia de la comunidad \u201cUnderc0de\u201d, que adem\u00e1s busca gestar fuentes laborales con continuidad en el rubro. Ser\u00e1 el domingo 8 de septiembre desde las 11:00hs y hasta las 20:30hs, en el Espacio Arizu de Godoy Cruz y con entrada libre y gratuita, con opci\u00f3n de llevar un alimento no perecedero a voluntad, para donar posteriormente a un merendero.<\/p>\n\n\n\n<p>\u201cUnderc0de\u201d que significa \u201cdebajo del c\u00f3digo\u201d y con un 0 en el medio a modo de referencia de los continuos procesos matem\u00e1ticos que transcurren en la programaci\u00f3n inform\u00e1tica, naci\u00f3 en 2011 por iniciativa de su mentor Danilo \u201cDinno\u201d Vezzoni, QA Engineer, hoy uno de los referentes de empresas proveedoras de servicios con alcance internacional. Es creador adem\u00e1s de una fundaci\u00f3n que promueve becas y b\u00fasquedas laborales en el sector. \u201cLa comunidad Underc0de comienza con un blog que creo mientras ejerc\u00eda la docencia, ense\u00f1aba seguridad en inform\u00e1tica y el material para mis alumnos los sub\u00eda a un blog, porque siempre consider\u00e9 que el conocimiento debe circular. No crec\u00e9s guard\u00e1ndolo, sino haci\u00e9ndolo circular y evolucionar con el aporte de quienes van accediendo al mismo, al principio entraban unas 4000 personas por d\u00eda, que comentaban y ah\u00ed el blog pas\u00f3 al ser un foro ya con el nombre de Underc0de\u201d, cuenta Dinno Vezzoni. De una reuni\u00f3n inicial en una cervecer\u00eda con inform\u00e1ticos mendocinos cada jueves, se pas\u00f3 a gestar capacitaciones en formato de becas e inserciones laborales, todas gestionadas desde el n\u00facleo de la comunidad \u201cUnderc0de\u201d y siempre bajo la premisa de hacer circular el aprendizaje. Hoy adem\u00e1s de ser comunidad, son una fundaci\u00f3n y empresa que presta servicios a empresas locales, nacionales e internacionales.<\/p>\n\n\n\n<h2 class=\"wp-block-heading\">El evento que pondr\u00e1 a Mendoza como protagonista de las TIC<\/h2>\n\n\n\n<p>\u201cUnderc0de Day\u201d reunir\u00e1 en el Espacio Arizu, el domingo 8 de septiembre, a diferentes protagonistas, consumidores y hacedores de las Tecnolog\u00edas de la Informaci\u00f3n y la Comunicaci\u00f3n (TIC). En ese encuentro con entrada gratuita, se expondr\u00e1n los recursos que se utilizan en los procesos inform\u00e1ticos, el equipamiento, el software. \u201cReuniremos a empresas del sector tecnol\u00f3gico en inform\u00e1tica, queremos que este evento sea una vidriera para mostrar a Mendoza como un polo tecnol\u00f3gico. En este encuentro se generar\u00e1n inversiones, y se expondr\u00e1 la oferta educativa provincial, donde las y los estudiantes conocer\u00e1n que carreras se pueden cursar a nivel secundario y terciario\u201d, comenta Dinno.<\/p>\n\n\n\n<p>En la velada se podr\u00e1 intercambiar b\u00fasquedas laborales, se podr\u00e1 conocer peque\u00f1os emprendimientos, nuevas herramientas e incluso ejecutarlas en el lugar, ocupando el espacio coworking que tendr\u00e1 la expo. As\u00ed, durante toda la jornada, habr\u00e1 \u201cfocos\u201d de alerta para visitar, donde miembros de la comunidad oficiar\u00e1n de anfitriones de todos los visitantes. Adem\u00e1s, en este evento se promover\u00e1n de manera l\u00fadica y para incluir en el paseo a toda la familia, torneo de videojuegos, batallas medievales, foodtrucks, m\u00fasica en vivo, dj y especialmente facilitadores que ayudar\u00e1n a generar un recorrido interactivo y que responda al inter\u00e9s de cada visitante. Un apartado especial ser\u00e1n las charlas de especialistas, que tendr\u00e1n un cupo limitado y que incluir\u00e1n visitas de referentes del sector.<\/p>\n\n\n\n<h2 class=\"wp-block-heading\">Mendoza polo tecnol\u00f3gico<\/h2>\n\n\n\n<p>\u201cEntre varios objetivos que tiene como meta Underc0de, es homologar con la Direcci\u00f3n General de Escuelas, distintos cursos que requieren profesionalizarlos. Adem\u00e1s, la posibilidad de gestar postgrados, carreras de grado breves, y especialmente puestos de trabajo que fluyan hacia brindar un servicio y que regrese desde esa misma persona. Un regreso en capacitaci\u00f3n para gestar nuevos recursos humanos especializados y actualizados con el training del mundo laboral. El conocimiento estancado, es desarrollo estancado, desde Underc0de creemos en la libre divulgaci\u00f3n del saber, en compartir conocimientos e interactuar d\u00eda a d\u00eda con otros miembros de la comunidad a trav\u00e9s de talleres, charlas, capacitaciones, gu\u00edas de aprendizaje. Desde la Fundaci\u00f3n todo ese compromiso, se ofrece adem\u00e1s con gratuidad y certificaci\u00f3n, un mundo equitativo se gesta a\u00fan desde procesos avanzados, haciendo blando el aprendizaje y fortaleciendo la creatividad y el incentivo\u201d, concluy\u00f3 Dinno.<\/p>\n\n\n\n<h2 class=\"wp-block-heading\">Para agendar<\/h2>\n\n\n\n<h3 class=\"wp-block-heading\">Underc0de Day: Expo inform\u00e1tica y m\u00e1s<\/h3>\n\n\n\n<ul>\n<li>D\u00eda: domingo 8 de septiembre de 2024<\/li>\n\n\n\n<li>Hora: 11 a 20:30<\/li>\n\n\n\n<li>Entrada: Libre y gratuita, o un elemento no perecedero a voluntad<\/li>\n\n\n\n<li>Mail:&nbsp;info@underc0de.org<\/li>\n\n\n\n<li>Instagram: https:\/\/www.instagram.com\/underc0de\/<\/li>\n<\/ul>\n\n\n\n<p><strong>Fuente: www.diariouno.com.ar<\/strong><\/p>\n","protected":false},"excerpt":{"rendered":"<p>La expo de inform\u00e1ticos&nbsp;\u201cUnderc0de Day\u201d se realizar\u00e1 en el Espacio Arizu&nbsp;con charlas de especialistas, stand de empresas, videojuegos, foodtrucks y m\u00fasica entre otras actividades en la que se concentrar\u00e1n destacados inform\u00e1ticos y creativos de la&nbsp;comunidad&nbsp;TIC. La cita es para el domingo&nbsp;8 de septiembre. Se trata de la comunidad creada para compartir saberes, facilitar&nbsp;aprendizajes y actualizar [&hellip;]<\/p>\n","protected":false},"author":2,"featured_media":9061,"comment_status":"open","ping_status":"open","sticky":false,"template":"","format":"standard","meta":[],"categories":[50],"tags":[],"_links":{"self":[{"href":"https:\/\/pasaenmendoza.com\/index.php?rest_route=\/wp\/v2\/posts\/9060"}],"collection":[{"href":"https:\/\/pasaenmendoza.com\/index.php?rest_route=\/wp\/v2\/posts"}],"about":[{"href":"https:\/\/pasaenmendoza.com\/index.php?rest_route=\/wp\/v2\/types\/post"}],"author":[{"embeddable":true,"href":"https:\/\/pasaenmendoza.com\/index.php?rest_route=\/wp\/v2\/users\/2"}],"replies":[{"embeddable":true,"href":"https:\/\/pasaenmendoza.com\/index.php?rest_route=%2Fwp%2Fv2%2Fcomments&post=9060"}],"version-history":[{"count":2,"href":"https:\/\/pasaenmendoza.com\/index.php?rest_route=\/wp\/v2\/posts\/9060\/revisions"}],"predecessor-version":[{"id":9063,"href":"https:\/\/pasaenmendoza.com\/index.php?rest_route=\/wp\/v2\/posts\/9060\/revisions\/9063"}],"wp:featuredmedia":[{"embeddable":true,"href":"https:\/\/pasaenmendoza.com\/index.php?rest_route=\/wp\/v2\/media\/9061"}],"wp:attachment":[{"href":"https:\/\/pasaenmendoza.com\/index.php?rest_route=%2Fwp%2Fv2%2Fmedia&parent=9060"}],"wp:term":[{"taxonomy":"category","embeddable":true,"href":"https:\/\/pasaenmendoza.com\/index.php?rest_route=%2Fwp%2Fv2%2Fcategories&post=9060"},{"taxonomy":"post_tag","embeddable":true,"href":"https:\/\/pasaenmendoza.com\/index.php?rest_route=%2Fwp%2Fv2%2Ftags&post=9060"}],"curies":[{"name":"wp","href":"https:\/\/api.w.org\/{rel}","templated":true}]}}