{"id":9064,"date":"2024-08-29T22:54:28","date_gmt":"2024-08-29T20:54:28","guid":{"rendered":"https:\/\/pasaenmendoza.com\/?p=9064"},"modified":"2024-08-29T22:54:29","modified_gmt":"2024-08-29T20:54:29","slug":"godoy-cruz-anuncio-una-segunda-preventa-para-ver-a-maria-becerra-en-la-fiesta-de-la-cerveza","status":"publish","type":"post","link":"https:\/\/pasaenmendoza.com\/?p=9064","title":{"rendered":"Godoy Cruz anunci\u00f3 una segunda preventa para ver a Mar\u00eda Becerra en la Fiesta de la Cerveza"},"content":{"rendered":"\n<p>Este domingo 1 de septiembre se habilitar\u00e1 la segunda preventa de\u00a0<strong>entradas\u00a0<\/strong>para el\u00a0show que brindar\u00e1\u00a0<strong>Mar\u00eda Becerra<\/strong>\u00a0en la\u00a0<strong>Fiesta de la Cerveza<\/strong>\u00a02024.<\/p>\n\n\n\n<p>En este evento, la 17\u00b0 edici\u00f3n contar\u00e1 con una noche m\u00e1s, por lo que se realizar\u00e1 del jueves 5 al domingo 8 de diciembre. Por lo tanto, habr\u00e1 m\u00e1s presencia de artistas locales, nacionales e internacionales.<\/p>\n\n\n\n<p>La cantante\u00a0<strong>Mar\u00eda Becerra<\/strong>\u00a0visitar\u00e1\u00a0<strong>Mendoza\u00a0<\/strong>el \u00faltimo d\u00eda del festival. Se presentar\u00e1 luego de cerrar su gira mundial que la llev\u00f3 por Europa, Estados Unidos y Am\u00e9rica Latina.<\/p>\n\n\n\n<p>Es por ello que, quienes se quedaron sin la posibilidad de comprar\u00a0<strong>entradas\u00a0<\/strong>en la primera preventa podr\u00e1n hacerlo a partir del pr\u00f3ximo domingo a las 11 horas, ingresando a la plataforma de venta de tickets\u00a0<strong>showtickets.ar<\/strong>.<\/p>\n\n\n\n<h2 class=\"wp-block-heading\">Cu\u00e1nto cuestan las entradas para ver a Mar\u00eda Becerra en Mendoza<\/h2>\n\n\n\n<p>Las&nbsp;<strong>entradas&nbsp;<\/strong>en la primera preventa para el show de Mar\u00eda Becerra costaron entre&nbsp;<strong>$20.000 y $95.000<\/strong>. Los valores de la segunda preventa, la que se habilitar\u00e1 desde el domingo 1 de septiembre, se conocer\u00e1n en ese momento.<\/p>\n\n\n\n<p>Los valores que se manejaron en la primera preventa de entradas fueron los siguientes:<\/p>\n\n\n\n<ul>\n<li>Campo trasero $20.000<\/li>\n\n\n\n<li>Campo lateral $30.000<\/li>\n\n\n\n<li>Campo delantero $40.000<\/li>\n\n\n\n<li>Fan\u00e1ticos $55.000<\/li>\n\n\n\n<li>VIP $65.000<\/li>\n\n\n\n<li>Ultra fan $95.000<\/li>\n<\/ul>\n\n\n\n<p>Seg\u00fan la p\u00e1gina web oficial de la venta de entradas, habr\u00e1 una tercera preventa una vez que se agoten los tickets de la segunda.<\/p>\n\n\n\n<h2 class=\"wp-block-heading\">Qui\u00e9n es Mar\u00eda Becerra<\/h2>\n\n\n\n<p>Como cuenta su biograf\u00eda p\u00fablica,&nbsp;<strong>La nena de Argentina&nbsp;<\/strong>cuenta con m\u00e1s de 25,7 millones de oyentes en Spotify. A eso se agregan m\u00e1s de 5,3 millones de suscriptores en YouTube. Mientras que sus visitas y videoclips alcanzan 12 mil millones de reproducciones.<\/p>\n\n\n\n<p>Este 2024 la artista se present\u00f3 en la celebraci\u00f3n de a\u00f1o nuevo en el Times Square. All\u00ed actu\u00f3 delante de m\u00e1s de 50 mil personas. Fue parte del line up del festival de m\u00fasica latina Calibash en Los \u00c1ngeles con 20 mil personas.<\/p>\n\n\n\n<p>En marzo lanz\u00f3 \u201cPrimer Aviso\u201d junto a Ivy Queen, que le abri\u00f3 las puertas a pa\u00edses como Puerto Rico. Adem\u00e1s, se convirti\u00f3 en la primera artista mujer en presentarse en el estadio River Plate ante m\u00e1s de 130 mil personas.<\/p>\n\n\n\n<p>El concurso de bandas locales ya est\u00e1 habilitado Godoy Cruz lanz\u00f3 la convocatoria para participar del concurso de bandas locales de la&nbsp;<strong>Fiesta de la Cerveza<\/strong>&nbsp;Vol.17.<\/p>\n\n\n\n<p>Este a\u00f1o se agrega una fecha m\u00e1s, por lo tanto, habr\u00e1 m\u00e1s oportunidades para mayor cantidad de bandas. Las bandas que se presenten deber\u00e1n ser mendocinas, con iniciativa de autor\u00eda propia. Aquellos que hayan integrado la grilla en las \u00faltimas dos ediciones no podr\u00e1n participar. La fecha l\u00edmite para anotarse ser\u00e1 el 25 de septiembre a las 23:59 y la inscripci\u00f3n se realizar\u00e1 a trav\u00e9s de un formulario online.<\/p>\n\n\n\n<p><strong>Fuente: www.diariouno.com.ar<\/strong><\/p>\n","protected":false},"excerpt":{"rendered":"<p>Este domingo 1 de septiembre se habilitar\u00e1 la segunda preventa de\u00a0entradas\u00a0para el\u00a0show que brindar\u00e1\u00a0Mar\u00eda Becerra\u00a0en la\u00a0Fiesta de la Cerveza\u00a02024. En este evento, la 17\u00b0 edici\u00f3n contar\u00e1 con una noche m\u00e1s, por lo que se realizar\u00e1 del jueves 5 al domingo 8 de diciembre. Por lo tanto, habr\u00e1 m\u00e1s presencia de artistas locales, nacionales e internacionales. [&hellip;]<\/p>\n","protected":false},"author":2,"featured_media":9065,"comment_status":"open","ping_status":"open","sticky":false,"template":"","format":"standard","meta":[],"categories":[50],"tags":[],"_links":{"self":[{"href":"https:\/\/pasaenmendoza.com\/index.php?rest_route=\/wp\/v2\/posts\/9064"}],"collection":[{"href":"https:\/\/pasaenmendoza.com\/index.php?rest_route=\/wp\/v2\/posts"}],"about":[{"href":"https:\/\/pasaenmendoza.com\/index.php?rest_route=\/wp\/v2\/types\/post"}],"author":[{"embeddable":true,"href":"https:\/\/pasaenmendoza.com\/index.php?rest_route=\/wp\/v2\/users\/2"}],"replies":[{"embeddable":true,"href":"https:\/\/pasaenmendoza.com\/index.php?rest_route=%2Fwp%2Fv2%2Fcomments&post=9064"}],"version-history":[{"count":1,"href":"https:\/\/pasaenmendoza.com\/index.php?rest_route=\/wp\/v2\/posts\/9064\/revisions"}],"predecessor-version":[{"id":9066,"href":"https:\/\/pasaenmendoza.com\/index.php?rest_route=\/wp\/v2\/posts\/9064\/revisions\/9066"}],"wp:featuredmedia":[{"embeddable":true,"href":"https:\/\/pasaenmendoza.com\/index.php?rest_route=\/wp\/v2\/media\/9065"}],"wp:attachment":[{"href":"https:\/\/pasaenmendoza.com\/index.php?rest_route=%2Fwp%2Fv2%2Fmedia&parent=9064"}],"wp:term":[{"taxonomy":"category","embeddable":true,"href":"https:\/\/pasaenmendoza.com\/index.php?rest_route=%2Fwp%2Fv2%2Fcategories&post=9064"},{"taxonomy":"post_tag","embeddable":true,"href":"https:\/\/pasaenmendoza.com\/index.php?rest_route=%2Fwp%2Fv2%2Ftags&post=9064"}],"curies":[{"name":"wp","href":"https:\/\/api.w.org\/{rel}","templated":true}]}}