{"id":9067,"date":"2024-08-29T23:00:14","date_gmt":"2024-08-29T21:00:14","guid":{"rendered":"https:\/\/pasaenmendoza.com\/?p=9067"},"modified":"2024-08-29T23:00:16","modified_gmt":"2024-08-29T21:00:16","slug":"cumbre-minera-en-chile-alfredo-cornejo-puso-en-vidriera-el-clima-de-negocios-de-mendoza","status":"publish","type":"post","link":"https:\/\/pasaenmendoza.com\/?p=9067","title":{"rendered":"Cumbre minera en Chile: Alfredo Cornejo puso en vidriera el &#8220;clima de negocios&#8221; de Mendoza"},"content":{"rendered":"\n<p>El gobernador\u00a0<strong>Alfredo Cornejo<\/strong>\u00a0particip\u00f3 este jueves del VII Encuentro\u00a0<strong>Minero\u00a0<\/strong>Chileno-Argentino, que se desarroll\u00f3 en la Ciudad de Santiago de Chile. El mandatario fue uno de los principales expositores de la jornada que reuni\u00f3 a las m\u00e1s altas autoridades mineras de ambos pa\u00edses, con representantes de instituciones como la C\u00e1mara Argentina de Empresas Mineras (CAEM) y la Sociedad Nacional de Miner\u00eda (Sonami).<\/p>\n\n\n\n<p><strong>Cornejo\u00a0<\/strong>viaj\u00f3 al pa\u00eds trasandino acompa\u00f1ado por la ministra de Energ\u00eda y Ambiente, Jimena Latorre. Los funcionarios\u00a0mostraron las principales oportunidades de Mendoza, los alcances del R\u00e9gimen de Incentivo a las Grandes Inversiones (RIGI) y los avances del proyecto Malarg\u00fce Distrito Minero Occidental.\u00a0<\/p>\n\n\n\n<p>En este sentido, es que el gobernador disert\u00f3 en el panel sobre \u201cVisiones desde el sector p\u00fablico\u201d, junto a la ministra de Miner\u00eda de Chile, Aurora Williams, y al secretario de Miner\u00eda de la Argentina, Luis Lucero. El dirigente mendocino&nbsp;realiz\u00f3 una comparaci\u00f3n entre ambos pa\u00edses y se\u00f1al\u00f3 que Chile posee un sistema institucional distinto al argentino al se\u00f1alar que \u201cel pa\u00eds vecino es unitario versus el nuestro que es federal\u201d, al tiempo que remarc\u00f3 que \u201ctiene su r\u00e9gimen jur\u00eddico y que en la&nbsp;<strong>miner\u00eda&nbsp;<\/strong>tiene mucho que ver\u201d.&nbsp;<\/p>\n\n\n\n<p>Luego de esta introducci\u00f3n, el mandatario provincial detall\u00f3 que en Argentina \u201clos permisos los conceden las provincias, y all\u00ed la vigencia de una provincia que tiene cobre como Mendoza, como San Juan, que ha hecho muy bien las cosas, y otras provincias lindantes con esta hermosa cordillera que compartimos con el pa\u00eds hermano de Chile, lo que nos lleva a trabajar de forma conjunta con la Naci\u00f3n para desarrollar esta industria\u201d.<\/p>\n\n\n\n<p>Ante esto, Cornejo expres\u00f3 que \u201cque tenemos una gran admiraci\u00f3n por Chile y tenemos mucho por aprender all\u00ed\u201d, y asegur\u00f3 que \u201cnuestra inestabilidad econ\u00f3mica de los \u00faltimos a\u00f1os y la alta tasa de estabilidad econ\u00f3mica de Chile, nos hace pensar que si tuvi\u00e9semos la misma situaci\u00f3n en nuestro pa\u00eds, San Juan, Mendoza y otras provincias lim\u00edtrofes, estar\u00edan produciendo much\u00edsimo cobre con mayor rapidez y estar\u00edamos exportando mucho m\u00e1s\u201d.<\/p>\n\n\n\n<p>Por otro lado,&nbsp;<strong>Cornejo<\/strong>&nbsp;realiz\u00f3 una serie de consideraciones pol\u00edticas a los inversores, a los proveedores de servicio y a los expertos internacionales no s\u00f3lo como Gobernador de Mendoza, sino tambi\u00e9n como expresidente de la Uni\u00f3n C\u00edvica Radical en la Argentina. \u201cAdem\u00e1s de la ventana de oportunidades de la transici\u00f3n energ\u00e9tica, de la necesidad de cobre, de litio, de minerales cr\u00edticos, hay una ventana de oportunidades desde el punto de vista pol\u00edtico\u201d.&nbsp;<\/p>\n\n\n\n<p>En este sentido, el mandatario hizo hincapi\u00e9 en \u201cel alt\u00edsimo consenso con el que se aprob\u00f3 la Ley Bases y dentro de esta norma, el R\u00e9gimen de Incentivos a las Inversiones, que alcanza a varias actividades, pero particularmente en la&nbsp;<strong>miner\u00eda<\/strong>\u201d. Es m\u00e1s, afirm\u00f3 que tambi\u00e9n aplica con estabilidad fiscal, siendo que se aprob\u00f3 a pesar de que el gobierno de Javier Milei posee minor\u00eda en el Congreso de la Naci\u00f3n, con lo cual asever\u00f3 que \u201ceste mensaje, desde el punto de vista pol\u00edtico, tambi\u00e9n es relevante que los inversores internacionales vean en Argentina\u201d.<\/p>\n\n\n\n<p><strong>Cornejo&nbsp;<\/strong>profundiz\u00f3 en el punto antes mencionado sobre que en la Argentina los permisos los dan las provincias y, ante esto, precis\u00f3 que \u201cnosotros estamos haciendo lo nuestro\u201d y puso como ejemplo a San Juan al describir que \u201chace a\u00f1os que est\u00e1 explorando con grandes proyectos, particularmente de cobre\u201d. Y a\u00f1adi\u00f3 que nuestra provincia ha estado muy retrasada porque estos permisos tienen regulaciones espec\u00edficas que son restrictivas.<\/p>\n\n\n\n<p>El gobernador explic\u00f3 que esta situaci\u00f3n ha provocado que Mendoza no cuente con grandes inversiones en cobre, a pesar de que se sabe el potencial y la cantidad existente de ese mineral en nuestro territorio. Adem\u00e1s, remarc\u00f3 que estos conceptos se basan en que \u201cesa faja geol\u00f3gica tan interesante que Chile s\u00ed est\u00e1 explotando, la compartimos en el Sur de Mendoza\u201d.&nbsp;<\/p>\n\n\n\n<p>Ante esta situaci\u00f3n,\u00a0<strong>Cornejo<\/strong>\u00a0precis\u00f3 que \u201cnos hemos abocado a remover todos los obst\u00e1culos y legislaciones provinciales que justamente obstaculizan esas inversiones y esos proyectos\u201d. As\u00ed, asegur\u00f3 que se est\u00e1 dise\u00f1ando \u201ccon un alt\u00edsimo consenso social. Hemos buscado tener detr\u00e1s de las decisiones de exploraci\u00f3n y de explotaci\u00f3n un apoyo muy sustantivo del sistema pol\u00edtico y social, que no es ni m\u00e1s ni menos que buscar un proceso sostenible\u201d.<\/p>\n\n\n\n<p>El mandatario provincial&nbsp;afirm\u00f3 que \u201clo estamos logrando\u201d y explic\u00f3 que se ha desarrollado un plan tambi\u00e9n a 30 a\u00f1os que contiene todas las herramientas necesarias, que ha logrado que los sectores que rechazaban la exploraci\u00f3n est\u00e9n participando del plan Pilares.<\/p>\n\n\n\n<p>En este sentido,\u00a0<strong>Cornejo\u00a0<\/strong>sostuvo que \u201cest\u00e1 muy s\u00f3lido ese plan en Mendoza\u201d y explic\u00f3 que esto se debe a que \u201cla base es s\u00f3lida, ya que Mendoza tiene 150 empresas que trabajan en\u00a0<strong>miner\u00eda\u00a0<\/strong>desde nuestra provincia en San Juan, en el Norte del pa\u00eds y en Chile en forma complementaria con empresas de este pa\u00eds, y en Per\u00fa. Es decir, el cobre existe y est\u00e1 disponible\u201d.<\/p>\n\n\n\n<h2 class=\"wp-block-heading\">\u201cLa miner\u00eda sostenible ha venido para quedarse en Mendoza\u201d<\/h2>\n\n\n\n<p>Adem\u00e1s, el gobernador explic\u00f3 en detalle el procedimiento legislativo de cada proyecto de cobre y como se trabaja con su Declaraci\u00f3n de Impacto Ambiental. As\u00ed puntualiz\u00f3 que \u201cest\u00e1n siendo aprobados por abrumadora mayor\u00eda de la C\u00e1mara de Diputados y de la C\u00e1mara de Senadores\u201d. Y sum\u00f3 que \u201cahora estamos en un proyecto s\u00faper ambicioso, que es en el Sur de la provincia de Mendoza, donde hay un alto consenso por desarrollar, explotar, explorar y explotar cobre, que es en Malarg\u00fce\u201d.<\/p>\n\n\n\n<p>De esta manera,&nbsp;<strong>Cornejo&nbsp;<\/strong>introdujo en su discurso el Distrito Minero Malarg\u00fce Occidental, de 18.000 kil\u00f3metros cuadrados, que contiene casi 300 permisos de cobre y de otros minerales. \u201cEstamos haciendo la Declaraci\u00f3n de Impacto Ambiental y estimamos que esos permisos van a estar aprobados de una sola vez antes de octubre para su explotaci\u00f3n\u201d, anunci\u00f3.<\/p>\n\n\n\n<p>As\u00ed, explic\u00f3 que en Mendoza se est\u00e1n explorando 6 proyectos mineros aprobados en la Legislatura, 5 de cobre y 1 de hierro, \u201ccon garant\u00edas legales, resoluciones r\u00e1pidas de conflictos y un clima de negocios favorable para la extracci\u00f3n de minerales\u201d.<\/p>\n\n\n\n<p>Con estos n\u00fameros y consideraciones sobre la mesa, el Gobernador de Mendoza remarc\u00f3 que \u201cla miner\u00eda sostenible ha venido para quedarse en Mendoza con su potencialidad y su ensamble con el resto de las industrias de una econom\u00eda, mucho m\u00e1s diversa que la mayor\u00eda de las provincias argentinas y muy asociada culturalmente tambi\u00e9n a Chile en m\u00faltiples aspectos\u201d.<\/p>\n\n\n\n<p>A este panorama, el gobernador le sum\u00f3 que en Mendoza existe seguridad jur\u00eddica: \u201cLa administraci\u00f3n de justicia que tambi\u00e9n es provincial a la hora de definir contratos y permisos, entre otros tr\u00e1mites, tiene una tasa de resoluci\u00f3n alt\u00edsima, superior a la mayor\u00eda de las provincias argentinas\u201d.<\/p>\n\n\n\n<p><strong>Fuente: www.mdzol.com<\/strong><\/p>\n","protected":false},"excerpt":{"rendered":"<p>El gobernador\u00a0Alfredo Cornejo\u00a0particip\u00f3 este jueves del VII Encuentro\u00a0Minero\u00a0Chileno-Argentino, que se desarroll\u00f3 en la Ciudad de Santiago de Chile. El mandatario fue uno de los principales expositores de la jornada que reuni\u00f3 a las m\u00e1s altas autoridades mineras de ambos pa\u00edses, con representantes de instituciones como la C\u00e1mara Argentina de Empresas Mineras (CAEM) y la Sociedad [&hellip;]<\/p>\n","protected":false},"author":2,"featured_media":9068,"comment_status":"open","ping_status":"open","sticky":false,"template":"","format":"standard","meta":[],"categories":[47],"tags":[],"_links":{"self":[{"href":"https:\/\/pasaenmendoza.com\/index.php?rest_route=\/wp\/v2\/posts\/9067"}],"collection":[{"href":"https:\/\/pasaenmendoza.com\/index.php?rest_route=\/wp\/v2\/posts"}],"about":[{"href":"https:\/\/pasaenmendoza.com\/index.php?rest_route=\/wp\/v2\/types\/post"}],"author":[{"embeddable":true,"href":"https:\/\/pasaenmendoza.com\/index.php?rest_route=\/wp\/v2\/users\/2"}],"replies":[{"embeddable":true,"href":"https:\/\/pasaenmendoza.com\/index.php?rest_route=%2Fwp%2Fv2%2Fcomments&post=9067"}],"version-history":[{"count":1,"href":"https:\/\/pasaenmendoza.com\/index.php?rest_route=\/wp\/v2\/posts\/9067\/revisions"}],"predecessor-version":[{"id":9069,"href":"https:\/\/pasaenmendoza.com\/index.php?rest_route=\/wp\/v2\/posts\/9067\/revisions\/9069"}],"wp:featuredmedia":[{"embeddable":true,"href":"https:\/\/pasaenmendoza.com\/index.php?rest_route=\/wp\/v2\/media\/9068"}],"wp:attachment":[{"href":"https:\/\/pasaenmendoza.com\/index.php?rest_route=%2Fwp%2Fv2%2Fmedia&parent=9067"}],"wp:term":[{"taxonomy":"category","embeddable":true,"href":"https:\/\/pasaenmendoza.com\/index.php?rest_route=%2Fwp%2Fv2%2Fcategories&post=9067"},{"taxonomy":"post_tag","embeddable":true,"href":"https:\/\/pasaenmendoza.com\/index.php?rest_route=%2Fwp%2Fv2%2Ftags&post=9067"}],"curies":[{"name":"wp","href":"https:\/\/api.w.org\/{rel}","templated":true}]}}