{"id":9070,"date":"2024-08-29T23:03:46","date_gmt":"2024-08-29T21:03:46","guid":{"rendered":"https:\/\/pasaenmendoza.com\/?p=9070"},"modified":"2024-08-29T23:03:47","modified_gmt":"2024-08-29T21:03:47","slug":"hasta-cuando-duraran-la-lluvia-y-el-frio-en-mendoza","status":"publish","type":"post","link":"https:\/\/pasaenmendoza.com\/?p=9070","title":{"rendered":"Hasta cu\u00e1ndo durar\u00e1n la lluvia y el fr\u00edo en Mendoza"},"content":{"rendered":"\n<p>El&nbsp;<strong>Servicio Meteorol\u00f3gico Nacional&nbsp;<\/strong>(SMN) emiti\u00f3 alertas por lluvias para diversas zonas de Mendoza, lo que gener\u00f3 inquietud entre los mendocinos que se preguntan hasta cu\u00e1ndo persistir\u00e1 esta condici\u00f3n meteorol\u00f3gica.<\/p>\n\n\n\n<p>Las alertas para se concentran principalmente en la Precordillera de Las Heras, Precordillera de Luj\u00e1n de Cuyo, Jun\u00edn, Rivadavia, y los valles de Luj\u00e1n de Cuyo, San Carlos, Tunuy\u00e1n y Tupungato. En estas \u00e1reas, se espera que las precipitaciones fuertes se mantengan<strong>&nbsp;durante la tarde y noche del jueves y la ma\u00f1ana del viernes<\/strong>, con acumulaciones de precipitaci\u00f3n que podr\u00edan variar entre los 15 y 30 mm.<\/p>\n\n\n\n<p>De esta forma, se cumplir\u00eda la llamada creencia de que el d\u00eda de\u00a0Santa Rosa de Lima, se producen tormentas.<\/p>\n\n\n\n<figure class=\"wp-block-image\"><img decoding=\"async\" src=\"https:\/\/i0.wp.com\/newspack-elsol.s3.amazonaws.com\/wp-content\/uploads\/2024\/08\/mapa_alertas.png?resize=388%2C800&amp;ssl=1\" alt=\"\" class=\"wp-image-1998298\"\/><\/figure>\n\n\n\n<p>Adem\u00e1s, para el viernes, el SMN ha extendido las alertas a la Cordillera de Las Heras, Cordillera de Luj\u00e1n de Cuyo y Cordillera de Tupungato, junto con las mismas zonas que ya se encuentran bajo vigilancia meteorol\u00f3gica.<\/p>\n\n\n\n<p>En tanto, se esperan temperaturas de 12 grados de m\u00ednima y 15 grados de m\u00e1xima para este jueves y de 10 grados de m\u00ednima y 14 de m\u00e1xima, seg\u00fan el SMN. Sin embargo, la Direcci\u00f3n de Contingencias Clim\u00e1ticas anunci\u00f3 una m\u00e1xima de 14 y una m\u00ednima de 5 para este jueves y para el viernes, una m\u00e1xima de 9 y una m\u00ednima de 4.<\/p>\n\n\n\n<p>Este estado del tiempo fr\u00edo y h\u00famedo podr\u00eda persistir durante el fin de semana, con temperaturas bajas y nubosidad variable.<\/p>\n\n\n\n<p>Ante estas condiciones, se recomienda a la poblaci\u00f3n mantenerse informada a trav\u00e9s de los canales oficiales del Servicio Meteorol\u00f3gico Nacional y tomar las precauciones necesarias para evitar contratiempos en rutas y caminos, especialmente en zonas monta\u00f1osas donde las precipitaciones podr\u00edan provocar acumulaciones de agua.<\/p>\n\n\n\n<p><strong>Fuente: www.elsol.com.ar<\/strong><\/p>\n","protected":false},"excerpt":{"rendered":"<p>El&nbsp;Servicio Meteorol\u00f3gico Nacional&nbsp;(SMN) emiti\u00f3 alertas por lluvias para diversas zonas de Mendoza, lo que gener\u00f3 inquietud entre los mendocinos que se preguntan hasta cu\u00e1ndo persistir\u00e1 esta condici\u00f3n meteorol\u00f3gica. Las alertas para se concentran principalmente en la Precordillera de Las Heras, Precordillera de Luj\u00e1n de Cuyo, Jun\u00edn, Rivadavia, y los valles de Luj\u00e1n de Cuyo, San [&hellip;]<\/p>\n","protected":false},"author":2,"featured_media":9072,"comment_status":"open","ping_status":"open","sticky":false,"template":"","format":"standard","meta":[],"categories":[52],"tags":[],"_links":{"self":[{"href":"https:\/\/pasaenmendoza.com\/index.php?rest_route=\/wp\/v2\/posts\/9070"}],"collection":[{"href":"https:\/\/pasaenmendoza.com\/index.php?rest_route=\/wp\/v2\/posts"}],"about":[{"href":"https:\/\/pasaenmendoza.com\/index.php?rest_route=\/wp\/v2\/types\/post"}],"author":[{"embeddable":true,"href":"https:\/\/pasaenmendoza.com\/index.php?rest_route=\/wp\/v2\/users\/2"}],"replies":[{"embeddable":true,"href":"https:\/\/pasaenmendoza.com\/index.php?rest_route=%2Fwp%2Fv2%2Fcomments&post=9070"}],"version-history":[{"count":1,"href":"https:\/\/pasaenmendoza.com\/index.php?rest_route=\/wp\/v2\/posts\/9070\/revisions"}],"predecessor-version":[{"id":9071,"href":"https:\/\/pasaenmendoza.com\/index.php?rest_route=\/wp\/v2\/posts\/9070\/revisions\/9071"}],"wp:featuredmedia":[{"embeddable":true,"href":"https:\/\/pasaenmendoza.com\/index.php?rest_route=\/wp\/v2\/media\/9072"}],"wp:attachment":[{"href":"https:\/\/pasaenmendoza.com\/index.php?rest_route=%2Fwp%2Fv2%2Fmedia&parent=9070"}],"wp:term":[{"taxonomy":"category","embeddable":true,"href":"https:\/\/pasaenmendoza.com\/index.php?rest_route=%2Fwp%2Fv2%2Fcategories&post=9070"},{"taxonomy":"post_tag","embeddable":true,"href":"https:\/\/pasaenmendoza.com\/index.php?rest_route=%2Fwp%2Fv2%2Ftags&post=9070"}],"curies":[{"name":"wp","href":"https:\/\/api.w.org\/{rel}","templated":true}]}}