{"id":9073,"date":"2024-08-29T23:15:44","date_gmt":"2024-08-29T21:15:44","guid":{"rendered":"https:\/\/pasaenmendoza.com\/?p=9073"},"modified":"2024-08-29T23:15:45","modified_gmt":"2024-08-29T21:15:45","slug":"hay-menos-apoyo-para-victimas-de-violencia-de-genero-mendoza-enfrenta-los-efectos-del-recorte","status":"publish","type":"post","link":"https:\/\/pasaenmendoza.com\/?p=9073","title":{"rendered":"Hay menos apoyo para v\u00edctimas de violencia de g\u00e9nero: Mendoza enfrenta los efectos del recorte"},"content":{"rendered":"\n<p>El reciente decreto N\u00b0 755\/2024 del Gobierno nacional, dirigido por Javier Milei, ha generado controversia al implementar un&nbsp;<strong>recorte en el programa Acompa\u00f1ar, fundamental en la prevenci\u00f3n de la violencia de g\u00e9nero.<\/strong>&nbsp;Este programa, iniciado en 2021, ha brindado<mark>&nbsp;asistencia a 352.000 mujeres a nivel nacional.<\/mark><\/p>\n\n\n\n<p>El objetivo principal del programa Acompa\u00f1ar es\u00a0<mark>fortalecer la autonom\u00eda econ\u00f3mica de mujeres y personas LGBTI+ en situaci\u00f3n de violencia de g\u00e9nero<\/mark>. Ofrece una prestaci\u00f3n econ\u00f3mica de $262.432,93, equivalente a un Salario M\u00ednimo, Vital y M\u00f3vil (SMVM), para apoyar a quienes est\u00e1n en riesgo y fortalecer las redes de apoyo.<\/p>\n\n\n\n<p>Con el nuevo decreto, la duraci\u00f3n de la ayuda se reduce de seis a tres meses, y se incrementan los requisitos para acceder a la asistencia. Ahora, las solicitantes deber\u00e1n presentar no solo el informe social de un dispositivo de atenci\u00f3n oficial de violencia, sino tambi\u00e9n una denuncia judicial o policial.<\/p>\n\n\n\n<p>En los \u00faltimos cuatro a\u00f1os, las pol\u00edticas p\u00fablicas contra la violencia de g\u00e9nero han sido gestionadas por el programa Formulaci\u00f3n de Pol\u00edticas contra la Violencia por Razones de G\u00e9nero, anteriormente bajo el Ministerio de las Mujeres, G\u00e9neros y Diversidad. Sin embargo, ahora est\u00e1 bajo el Ministerio de Capital Humano, y\u00a0<mark>su presupuesto se redujo en un 65%<\/mark>\u00a0en el primer bimestre de 2024 en comparaci\u00f3n con el mismo per\u00edodo del a\u00f1o pasado, seg\u00fan el Equipo Latinoamericano de Justicia y G\u00e9nero (ELA).<\/p>\n\n\n\n<p>En Mendoza, la implementaci\u00f3n del programa Acompa\u00f1ar ha tenido un impacto significativo. En 2023, la Direcci\u00f3n de G\u00e9nero y Diversidad de<mark>\u00a0la provincia recibi\u00f3 3.965 solicitudes para este programa.\u00a0<\/mark>Actualmente, 1.164 de estas solicitudes siguen en revisi\u00f3n, lo que significa que a\u00fan no han sido aprobadas. Las mujeres y personas LGBT+ beneficiarias han utilizado los recursos del\u00a0<mark>programa para medidas de seguridad, acceder a viviendas seguras, retomar estudios, participar en capacitaciones t\u00e9cnicas y emprender proyectos para su sostenimiento econ\u00f3mico.<\/mark><\/p>\n\n\n\n<p><strong>Fuente: www.diariomendoza.com.ar<\/strong><\/p>\n","protected":false},"excerpt":{"rendered":"<p>El reciente decreto N\u00b0 755\/2024 del Gobierno nacional, dirigido por Javier Milei, ha generado controversia al implementar un&nbsp;recorte en el programa Acompa\u00f1ar, fundamental en la prevenci\u00f3n de la violencia de g\u00e9nero.&nbsp;Este programa, iniciado en 2021, ha brindado&nbsp;asistencia a 352.000 mujeres a nivel nacional. El objetivo principal del programa Acompa\u00f1ar es\u00a0fortalecer la autonom\u00eda econ\u00f3mica de mujeres [&hellip;]<\/p>\n","protected":false},"author":2,"featured_media":9074,"comment_status":"open","ping_status":"open","sticky":false,"template":"","format":"standard","meta":[],"categories":[50],"tags":[],"_links":{"self":[{"href":"https:\/\/pasaenmendoza.com\/index.php?rest_route=\/wp\/v2\/posts\/9073"}],"collection":[{"href":"https:\/\/pasaenmendoza.com\/index.php?rest_route=\/wp\/v2\/posts"}],"about":[{"href":"https:\/\/pasaenmendoza.com\/index.php?rest_route=\/wp\/v2\/types\/post"}],"author":[{"embeddable":true,"href":"https:\/\/pasaenmendoza.com\/index.php?rest_route=\/wp\/v2\/users\/2"}],"replies":[{"embeddable":true,"href":"https:\/\/pasaenmendoza.com\/index.php?rest_route=%2Fwp%2Fv2%2Fcomments&post=9073"}],"version-history":[{"count":1,"href":"https:\/\/pasaenmendoza.com\/index.php?rest_route=\/wp\/v2\/posts\/9073\/revisions"}],"predecessor-version":[{"id":9075,"href":"https:\/\/pasaenmendoza.com\/index.php?rest_route=\/wp\/v2\/posts\/9073\/revisions\/9075"}],"wp:featuredmedia":[{"embeddable":true,"href":"https:\/\/pasaenmendoza.com\/index.php?rest_route=\/wp\/v2\/media\/9074"}],"wp:attachment":[{"href":"https:\/\/pasaenmendoza.com\/index.php?rest_route=%2Fwp%2Fv2%2Fmedia&parent=9073"}],"wp:term":[{"taxonomy":"category","embeddable":true,"href":"https:\/\/pasaenmendoza.com\/index.php?rest_route=%2Fwp%2Fv2%2Fcategories&post=9073"},{"taxonomy":"post_tag","embeddable":true,"href":"https:\/\/pasaenmendoza.com\/index.php?rest_route=%2Fwp%2Fv2%2Ftags&post=9073"}],"curies":[{"name":"wp","href":"https:\/\/api.w.org\/{rel}","templated":true}]}}