{"id":9076,"date":"2024-08-30T23:33:41","date_gmt":"2024-08-30T21:33:41","guid":{"rendered":"https:\/\/pasaenmendoza.com\/?p=9076"},"modified":"2024-08-30T23:33:43","modified_gmt":"2024-08-30T21:33:43","slug":"vargas-arizu-confirmo-que-se-destinaran-6-mil-millones-para-combatir-la-lobesia-menos-de-lo-previsto","status":"publish","type":"post","link":"https:\/\/pasaenmendoza.com\/?p=9076","title":{"rendered":"Vargas Arizu confirm\u00f3 que se destinar\u00e1n $ 6 mil millones para combatir la lobesia, menos de lo previsto"},"content":{"rendered":"\n<p>El ministro de Producci\u00f3n,\u00a0<strong>Rodolfo Vargas Arizu<\/strong>, ratific\u00f3 que la provincia\u00a0<strong>desembolsar\u00e1 $6 mil millones<\/strong>\u00a0para el operativo\u00a0<strong>contra la polilla de la vid.<\/strong>\u00a0As\u00ed lo comprometi\u00f3 el funcionario frente a los referentes de las distintas c\u00e1maras vit\u00edcolas.<\/p>\n\n\n\n<p>Frente al retiro de la ayuda de Naci\u00f3n,\u00a0<strong>Vargas Arizu<\/strong>\u00a0explic\u00f3 que la provincia ser\u00e1 la que garantice los recursos para las distintas etapas contra la plaga que afecta a la vid. El monto es\u00a0<strong>la mitad<\/strong>\u00a0de lo que hab\u00eda sido calculado por el\u00a0<strong>Instituto de Sanidad y Calidad Agropecuaria Mendoza<\/strong>\u00a0(Iscamen) para el programa de m\u00ednima que ascend\u00eda a $11 mil millones;\u00a0mientras que el de m\u00e1xima para la erradicaci\u00f3n era de $13 mil millones.<\/p>\n\n\n\n<p>&#8220;Hemos citado a todas las c\u00e1maras para explicarles que vamos a hacer el\u00a0<strong>llamado a licitaci\u00f3n<\/strong>\u00a0para la incorporaci\u00f3n de las trampas, la aplicaci\u00f3n de insecticidas de bajo impacto y la t\u00e9cnica de feromonas. Vamos a comenzar el<strong>\u00a020 de septiembre<\/strong>. Lo vamos a hacer como siempre, como todos los a\u00f1os&#8221;, manifest\u00f3 Vargas Arizu.<\/p>\n\n\n\n<h2 class=\"wp-block-heading\"><strong>Un programa de sostenimiento pero no de m\u00e1xima contra la polilla<\/strong><\/h2>\n\n\n\n<p>Los&nbsp;<strong>productores<\/strong>&nbsp;junto con el Iscamen hab\u00edan realizado una proyecci\u00f3n de los fondos necesarios para la temporada 2024\/2025 y el c\u00e1lculo del costo del operativo era mucho mayor: ascend\u00eda a&nbsp;<strong>$ 13 mil millones<\/strong>&nbsp;para la erradicaci\u00f3n de la lobesia botrana.<\/p>\n\n\n\n<p>&#8220;Nosotros estamos haciendo un esfuerzo muy grande para que se disponga todo el operativo, con la incorporaci\u00f3n de drones. Pero tambi\u00e9n apelamos a la solidaridad de los productores y a la responsabilidad. Y esto lo digo porque si en la finca aleda\u00f1a no se llevaron adelante las tareas es posible que sea susceptible a la&nbsp;<strong>polilla de la vid<\/strong>&#8220;, advirti\u00f3 el ministro de la Producci\u00f3n.<\/p>\n\n\n\n<p>A fines de julio, el gobierno de\u00a0<strong>Javier Milei<\/strong>\u00a0anunci\u00f3 que dejar\u00eda de enviar los fondos al\u00a0<strong>Instituto Nacional de Tecnolog\u00eda Agropecuaria (INTA)<\/strong>\u00a0que proven\u00edan de los\u00a0<strong>Aportes No Reintegrables de la Naci\u00f3n<\/strong>.<\/p>\n\n\n\n<p>Frente a los anuncios, el Director Ejecutivo del&nbsp;<strong>Centro de Vi\u00f1ateros y Bodegueros del Este Mendoza<\/strong>, Mauro Sosa, destac\u00f3 que esperan los detalles del programa, aunque observ\u00f3 que es un operativo de sostenibilidad pero&nbsp;<strong>no de m\u00e1xima mitigaci\u00f3n,<\/strong>&nbsp;como el que se hab\u00eda dise\u00f1ado en un primer momento con el Iscamen.<\/p>\n\n\n\n<p>&#8220;Si la Naci\u00f3n enviara los fondos que tiene que mandar en este&nbsp;<strong>problema sanitario&nbsp;<\/strong>podr\u00edamos aplicar el programa de m\u00e1xima. Porque corremos el riesgo de que, si los recursos no se aplican bien, podemos agravar el problema que hay. Es como si el m\u00e9dico te dice que te tomes dos pastillas pero te tom\u00e1s una para ahorrar esa es la l\u00f3gica&#8221;, cuestion\u00f3 el referente del Este.<\/p>\n\n\n\n<p>Y agreg\u00f3: &#8221; Nadie quiere echar por la borda el super\u00e1vit pero esto es una&nbsp;<strong>emergencia<\/strong>&#8220;. A la vez que ponder\u00f3 el trabajo de Mendoza y la inversi\u00f3n del gobierno, a excepci\u00f3n de otras jurisdicciones que tienen el mismo problema.<\/p>\n\n\n\n<p>&#8220;El ministro plante\u00f3 que debe hacer una&nbsp;<strong>colaboraci\u00f3n mutua<\/strong>&nbsp;entre la parte privada y la p\u00fablica y es lo que ocurre actualmente y para nosotros hay que fortalecer lo que venimos haciendo hace 15 a\u00f1os&#8221;, consider\u00f3.<\/p>\n\n\n\n<h2 class=\"wp-block-heading\"><strong>La adhesi\u00f3n al seguro agr\u00edcola se extiende hasta el 7 de septiembre<\/strong><\/h2>\n\n\n\n<p>En la reuni\u00f3n con los sectores vinculados a la&nbsp;<strong>vitivinicultura<\/strong>, Vargas Arizu tambi\u00e9n les adelant\u00f3 que el tiempo para adherir al&nbsp;<strong>seguro agr\u00edcola<\/strong>&nbsp;lanzado por el gobierno provincial se extender\u00e1 hasta el 7 de septiembre, una semana m\u00e1s, porque venc\u00eda este s\u00e1bado.<\/p>\n\n\n\n<p>Tras el fin de la&nbsp;<strong>lucha antigranizo<\/strong>, el gobernador Alfredo Cornejo dispuso un seguro con una tasa subsidiada por el Estado de la provincia para optimizar los recursos que se empleaban en los aviones.<\/p>\n\n\n\n<p>&#8220;Es un seguro que en las distintas modalidades es muy bueno para el productor, contra la helada y el granizo y hemos dado m\u00e1s tiempo para que se inscriban los\u00a0<strong>productores\u00a0<\/strong>de hasta 30 hect\u00e1reas. Repite que este beneficio va a ser muy bueno porque es directo y no lo anteponemos a terceros&#8221;, recalc\u00f3.<\/p>\n\n\n\n<h2 class=\"wp-block-heading\"><strong>A la espera de San Rafael para lanzar la lucha antigranizo en el Sur<\/strong><\/h2>\n\n\n\n<p>Sobre la implementaci\u00f3n de un mecanismo de&nbsp;<strong>lucha antigranizo<\/strong>&nbsp;en el Sur, con la cesi\u00f3n de aviones, pirotecnia y la informaci\u00f3n de Contingencias Clim\u00e1ticas, Arizu manifest\u00f3: &#8220;Estamos a la espera de lo que diga San Rafael para otorgarles en forma de concesi\u00f3n la infraestructura que qued\u00f3, aunque creemos que la lucha antigranizo no funcion\u00f3&#8221;.<\/p>\n\n\n\n<p>Este jueves se conoci\u00f3 la noticia de que\u00a0<strong>San Rafael<\/strong>\u00a0convoca a una audiencia p\u00fablica para este martes a fin de consultar a los vecinos si est\u00e1n dispuestos a financiar parte de la<strong>\u00a0lucha antigranizo<\/strong>\u00a0con un impuesto. En tanto,<strong>\u00a0General Alvear<\/strong>\u00a0est\u00e1 discutiendo el tema en su Concejo Deliberante.<\/p>\n\n\n\n<p><strong>Fuente: www.diariouno.com.ar<\/strong><\/p>\n","protected":false},"excerpt":{"rendered":"<p>El ministro de Producci\u00f3n,\u00a0Rodolfo Vargas Arizu, ratific\u00f3 que la provincia\u00a0desembolsar\u00e1 $6 mil millones\u00a0para el operativo\u00a0contra la polilla de la vid.\u00a0As\u00ed lo comprometi\u00f3 el funcionario frente a los referentes de las distintas c\u00e1maras vit\u00edcolas. Frente al retiro de la ayuda de Naci\u00f3n,\u00a0Vargas Arizu\u00a0explic\u00f3 que la provincia ser\u00e1 la que garantice los recursos para las distintas etapas [&hellip;]<\/p>\n","protected":false},"author":2,"featured_media":9077,"comment_status":"open","ping_status":"open","sticky":false,"template":"","format":"standard","meta":[],"categories":[75],"tags":[],"_links":{"self":[{"href":"https:\/\/pasaenmendoza.com\/index.php?rest_route=\/wp\/v2\/posts\/9076"}],"collection":[{"href":"https:\/\/pasaenmendoza.com\/index.php?rest_route=\/wp\/v2\/posts"}],"about":[{"href":"https:\/\/pasaenmendoza.com\/index.php?rest_route=\/wp\/v2\/types\/post"}],"author":[{"embeddable":true,"href":"https:\/\/pasaenmendoza.com\/index.php?rest_route=\/wp\/v2\/users\/2"}],"replies":[{"embeddable":true,"href":"https:\/\/pasaenmendoza.com\/index.php?rest_route=%2Fwp%2Fv2%2Fcomments&post=9076"}],"version-history":[{"count":1,"href":"https:\/\/pasaenmendoza.com\/index.php?rest_route=\/wp\/v2\/posts\/9076\/revisions"}],"predecessor-version":[{"id":9078,"href":"https:\/\/pasaenmendoza.com\/index.php?rest_route=\/wp\/v2\/posts\/9076\/revisions\/9078"}],"wp:featuredmedia":[{"embeddable":true,"href":"https:\/\/pasaenmendoza.com\/index.php?rest_route=\/wp\/v2\/media\/9077"}],"wp:attachment":[{"href":"https:\/\/pasaenmendoza.com\/index.php?rest_route=%2Fwp%2Fv2%2Fmedia&parent=9076"}],"wp:term":[{"taxonomy":"category","embeddable":true,"href":"https:\/\/pasaenmendoza.com\/index.php?rest_route=%2Fwp%2Fv2%2Fcategories&post=9076"},{"taxonomy":"post_tag","embeddable":true,"href":"https:\/\/pasaenmendoza.com\/index.php?rest_route=%2Fwp%2Fv2%2Ftags&post=9076"}],"curies":[{"name":"wp","href":"https:\/\/api.w.org\/{rel}","templated":true}]}}